{"id":230265,"date":"2026-01-15T17:32:17","date_gmt":"2026-01-15T17:32:17","guid":{"rendered":"https:\/\/www.europesays.com\/pt\/230265\/"},"modified":"2026-01-15T17:32:17","modified_gmt":"2026-01-15T17:32:17","slug":"a-provocacao-do-fc-porto-ao-benfica-e-a-mourinho-apos-o-fim-do-classico","status":"publish","type":"post","link":"https:\/\/www.europesays.com\/pt\/230265\/","title":{"rendered":"A provoca\u00e7\u00e3o do FC Porto ao Benfica (e a Mourinho) ap\u00f3s o fim do Cl\u00e1ssico"},"content":{"rendered":"<p>O final do jogo desta quarta-feira entre o FC Porto e o Benfica foi, tamb\u00e9m, vivido nas redes sociais com grande emo\u00e7\u00e3o, havendo direito a uma provoca\u00e7\u00e3o dos drag\u00f5es a Jos\u00e9 Mourinho, que poder\u00e1 ter passado despercida aos olhos dos menos atentos.<\/p>\n<p>Tudo come\u00e7ou na confer\u00eancia de imprensa do treinador das \u00e1guias para fazer a antevis\u00e3o a este duelo a contar para os quartos-de-final da Ta\u00e7a de Portugal, quando o sadino afirmou que o conjunto azul e branco era uma equipa &#8220;f\u00e1cil de analisar&#8221;.<\/p>\n<p>Ora, as redes sociais do clube da cidade Invicta n\u00e3o perdoaram e a conta do FC Porto publicou uma foto do festejo do \u00fanico golo da partida, com a descri\u00e7\u00e3o a escrever &#8220;Futebol Clube do Porto. F\u00e1ceis de analisar, dif\u00edceis de bater&#8221;, numa men\u00e7\u00e3o clara \u00e0s palavras do timoneiro da turma da Luz.<\/p>\n<p>Esta derrota deixou o Benfica fora da Ta\u00e7a de Portugal, com o FC Porto a seguir em frente para as meias-finais, onde tamb\u00e9m se encontram a Torreense e o Fafe, faltando apenas ficar a conhecer o \u00faltimo semifinalista com o vencedor do encontro entre o Sporting e o AVS, que s\u00f3 se realiza no in\u00edcio do pr\u00f3ximo m\u00eas de fevereiro.<\/p>\n<p>Confira a publica\u00e7\u00e3o em quest\u00e3o:<\/p>\n<blockquote class=\"twitter-tweet\" data-media-max-width=\"560\"><p>&#13;<\/p>\n<p dir=\"ltr\" lang=\"pt\">Futebol Clube do Porto.<\/p>\n<p>F\u00e1ceis de analisar, dif\u00edceis de bater \ud83e\udee4<a href=\"https:\/\/twitter.com\/hashtag\/SeguimosJuntos?src=hash&amp;ref_src=twsrc%5Etfw\" rel=\"nofollow noopener\" target=\"_blank\">#SeguimosJuntos<\/a> <a href=\"https:\/\/t.co\/xKQCjWIixi\" rel=\"nofollow\">pic.twitter.com\/xKQCjWIixi<\/a><\/p>\n<p>&#13;<br \/>\n                                                    \u2014 FC Porto (@FCPorto) <a href=\"https:\/\/twitter.com\/FCPorto\/status\/2011573138048631094?ref_src=twsrc%5Etfw\" rel=\"nofollow noopener\" target=\"_blank\">January 14, 2026<\/a><\/p><\/blockquote>\n<p>                                                    Jos\u00e9 Mourinho diz que &#8220;melhor equipa n\u00e3o venceu&#8221;. Farioli discorda<\/p>\n<p>Logo na sequ\u00eancia do Cl\u00e1ssico entre os dois eternos rivais, os dois treinadores reagiram aos acontecimentos da partida, com Jos\u00e9 Mourinho a n\u00e3o concordar com o resultado desta eliminat\u00f3ria.<\/p>\n<p>&#8220;As justifica\u00e7\u00f5es s\u00e3o \u00f3bvias: a melhor equipa perdeu, mas a melhor equipa n\u00e3o fez golos e sofreu um. Controlamos o jogo a bel-prazer, contra uma equipa com muita intensidade a defender e a atacar, uma equipa de atletas com DNA de verdadeiros atletas. Gente que corre e pressiona muito, que recupera bola e aprofunda muito, mas o Benfica dominou de in\u00edcio ao fim. Sofremos o golo de bola parada, onde, em fun\u00e7\u00e3o de muitas aus\u00eancias, os jogadores que estavam em marca\u00e7\u00e3o individual eram Barreiro, Dahl e Dedic a marcar Bednarek, Froholdt, Kiwior e companhia&#8221;, confessou.<\/p>\n<p>&#8220;Trabalhamos muito as bolas paradas defensivas porque sab\u00edamos que n\u00e3o t\u00ednhamos Otamendi e Enzo &#8211; que estava no banco mas era um risco demasiado grande. Controlamos o jogo a bel-prazer, sem muitas oportunidades claras, mas com um dom\u00ednio que me pareceu claro contra uma equipa que est\u00e1 com moral em alta. Os seus adeptos aceitam que a sua equipa esteja 45 minutos a defender no seu meio-campo em casa e o golo que falhamos no \u00faltimo minuto \u00e9 elucidativo do que lhe estou a dizer. Se, no jogo passado com o SC Braga, estava chateado com os jogadores, hoje estou chateado pelos jogadores porque fizemos um bom jogo&#8221;, completou.<\/p>\n<p>Do outro lado, Francesco Farioli discordou totalmente da vis\u00e3o do treinador do Benfica, pelo que falou \u00e0 imprensa com essa ideia bem vincada.<\/p>\n<p>&#8220;Normalmente concordo com Mourinho, mas neste caso n\u00e3o, penso que merecemos o resultado. Estivemos perto de sofrer um golo e tudo bem, mas na primeira parte tivemos duas ou tr\u00eas boas ocasi\u00f5es, sofremos alguma press\u00e3o, o Benfica teve boas oportunidades, s\u00e3o uma boa equipa e nada a dizer quanto a isso. Diria que, no seu todo, a vit\u00f3ria foi merecida. A defesa do Diogo Costa, no final da primeira parte, se fosse golo teria sido anulado porque h\u00e1 um toque com a m\u00e3o na bola&#8221;, ripostou o italiano.<\/p>\n<p>                                                    <img decoding=\"async\" height=\"640\" with=\"360\" src=\"https:\/\/www.europesays.com\/pt\/wp-content\/uploads\/2026\/01\/naom_69681d9622ff6.jpg\" border=\"0\" alt=\"As imagens que n\u00e3o viu na TV do Cl\u00e1ssico entre FC Porto e Benfica\"\/><\/p>\n<p>Est\u00e1dio do Drag\u00e3o, no Porto, recebeu o eterno Cl\u00e1ssico do futebol portugu\u00eas, nos quartos-de final da Ta\u00e7a de Portugal, numa partida que acabou por ditar a elimina\u00e7\u00e3o do Benfica frente ao FC Porto.<\/p>\n<p>                                                     Davide Rodrigues Ara\u00fajo | 23:00 &#8211; 14\/01\/2026 <\/p>\n<p>                                            <script async src=\"https:\/\/platform.twitter.com\/widgets.js\" charset=\"utf-8\"><\/script><\/p>\n","protected":false},"excerpt":{"rendered":"O final do jogo desta quarta-feira entre o FC Porto e o Benfica foi, tamb\u00e9m, vivido nas redes&hellip;\n","protected":false},"author":2,"featured_media":230266,"comment_status":"","ping_status":"","sticky":false,"template":"","format":"standard","meta":{"footnotes":""},"categories":[8],"tags":[27,28,15,16,14,25,26,21,22,12,13,19,20,32,23,24,33,17,18,29,30,31],"class_list":{"0":"post-230265","1":"post","2":"type-post","3":"status-publish","4":"format-standard","5":"has-post-thumbnail","7":"category-principais-noticias","8":"tag-breaking-news","9":"tag-breakingnews","10":"tag-featured-news","11":"tag-featurednews","12":"tag-headlines","13":"tag-latest-news","14":"tag-latestnews","15":"tag-main-news","16":"tag-mainnews","17":"tag-news","18":"tag-noticias","19":"tag-noticias-principais","20":"tag-noticiasprincipais","21":"tag-portugal","22":"tag-principais-noticias","23":"tag-principaisnoticias","24":"tag-pt","25":"tag-top-stories","26":"tag-topstories","27":"tag-ultimas","28":"tag-ultimas-noticias","29":"tag-ultimasnoticias"},"share_on_mastodon":{"url":"https:\/\/pubeurope.com\/@pt\/115900314065981458","error":""},"_links":{"self":[{"href":"https:\/\/www.europesays.com\/pt\/wp-json\/wp\/v2\/posts\/230265","targetHints":{"allow":["GET"]}}],"collection":[{"href":"https:\/\/www.europesays.com\/pt\/wp-json\/wp\/v2\/posts"}],"about":[{"href":"https:\/\/www.europesays.com\/pt\/wp-json\/wp\/v2\/types\/post"}],"author":[{"embeddable":true,"href":"https:\/\/www.europesays.com\/pt\/wp-json\/wp\/v2\/users\/2"}],"replies":[{"embeddable":true,"href":"https:\/\/www.europesays.com\/pt\/wp-json\/wp\/v2\/comments?post=230265"}],"version-history":[{"count":0,"href":"https:\/\/www.europesays.com\/pt\/wp-json\/wp\/v2\/posts\/230265\/revisions"}],"wp:featuredmedia":[{"embeddable":true,"href":"https:\/\/www.europesays.com\/pt\/wp-json\/wp\/v2\/media\/230266"}],"wp:attachment":[{"href":"https:\/\/www.europesays.com\/pt\/wp-json\/wp\/v2\/media?parent=230265"}],"wp:term":[{"taxonomy":"category","embeddable":true,"href":"https:\/\/www.europesays.com\/pt\/wp-json\/wp\/v2\/categories?post=230265"},{"taxonomy":"post_tag","embeddable":true,"href":"https:\/\/www.europesays.com\/pt\/wp-json\/wp\/v2\/tags?post=230265"}],"curies":[{"name":"wp","href":"https:\/\/api.w.org\/{rel}","templated":true}]}}