{"id":230269,"date":"2026-01-15T17:34:07","date_gmt":"2026-01-15T17:34:07","guid":{"rendered":"https:\/\/www.europesays.com\/pt\/230269\/"},"modified":"2026-01-15T17:34:07","modified_gmt":"2026-01-15T17:34:07","slug":"turistas-reclamam-apos-aumento-do-preco-no-louvre","status":"publish","type":"post","link":"https:\/\/www.europesays.com\/pt\/230269\/","title":{"rendered":"turistas reclamam ap\u00f3s aumento do pre\u00e7o no Louvre"},"content":{"rendered":"<p>Turistas estrangeiros em <a class=\"internal-link\" href=\"https:\/\/www.dw.com\/pt-br\/paris\/t-67283004\" rel=\"nofollow noopener\" target=\"_blank\">Paris<\/a> reclamaram nesta quarta-feira (14\/01) do aumento de 45% no pre\u00e7o dos ingressos para o <a class=\"internal-link\" href=\"https:\/\/www.dw.com\/pt-br\/louvre\/t-54087778\" rel=\"nofollow noopener\" target=\"_blank\">Museu do Louvre<\/a>, v\u00e1lido apenas para visitantes de fora da Uni\u00e3o Europeia (UE).<\/p>\n<p>&#8220;Na Coreia do Sul n\u00e3o temos esse tipo de medida, ent\u00e3o \u00e9 muito injusto, porque faz parte do patrim\u00f4nio mundial&#8221;, disse a sul-coreana HongJu Lee \u00e0 ag\u00eancia de not\u00edcias AFP.<\/p>\n<p>Ao lado dela, o seu namorado, o franc\u00eas Julien Rittling, disse n\u00e3o se surpreender por pagar menos do que ela, pois &#8220;j\u00e1 est\u00e1 contribuindo para o nosso patrim\u00f4nio ao pagar seus impostos&#8221;.<\/p>\n<p>Lee disse, por\u00e9m, que 10 euros (R$ 62,7) adicionais\u00a0cobrados dela n\u00e3o a impedir\u00e3o de entrar no museu mais visitado do mundo. &#8220;\u00c9 imposs\u00edvel ver a <a class=\"internal-link\" href=\"https:\/\/www.dw.com\/pt-br\/mona-lisa\/t-54087835\" rel=\"nofollow noopener\" target=\"_blank\">Mona Lisa<\/a> sem ir l\u00e1; \u00e9 essencial, e quando vejo as filas, percebo que muitas pessoas sentem o mesmo&#8221;, disse.<\/p>\n<p>A uruguaia Pamela Gonz\u00e1lez, que viajou com seu filho adolescente, tamb\u00e9m expressou sua incompreens\u00e3o, embora tamb\u00e9m n\u00e3o v\u00e1 desistir da entrada. &#8220;\u00c9 injusto para n\u00f3s, que viemos de mais longe. Porque favorece quem j\u00e1 est\u00e1 aqui e para quem \u00e9 mais f\u00e1cil vir. \u00c9 muito mais barato do que para n\u00f3s, que moramos a mais de 10 mil quil\u00f4metros de dist\u00e2ncia&#8221;, disse ela, com a voz se elevando em sinal de indigna\u00e7\u00e3o.<\/p>\n<p>Dupla precifica\u00e7\u00e3o<\/p>\n<p>Nesta quarta-feira, poucos visitantes do museu pareciam estar cientes desse aumento, que ser\u00e1 aplicado este ano a outros cinco espa\u00e7os culturais na Fran\u00e7a, incluindo o Pal\u00e1cio de Versalhes, e que visa financiar a renova\u00e7\u00e3o de patrim\u00f4nios hist\u00f3ricos.<\/p>\n<p>Os ingressos para o Louvre para visitantes individuais que n\u00e3o sejam cidad\u00e3os ou residentes de pa\u00edses-membros da UE \u2013 ou da Isl\u00e2ndia, Liechtenstein ou Noruega \u2013 agora custam 32 euros (R$ 200) em vez da tarifa fixa anterior de 22 euros.<\/p>\n<p>A medida \u00e9 uma das implementa\u00e7\u00f5es mais severas na Europa do que \u00e9 conhecido como dupla precifica\u00e7\u00e3o, quando os visitantes pagam tarifas diferentes dependendo de sua origem.<\/p>\n<p>A pr\u00e1tica \u00e9 comum em muitos pa\u00edses em desenvolvimento, onde, frequentemente, moradores com menos recursos podem visitar locais culturais a pre\u00e7os mais baixos do que os turistas.<\/p>\n<p>Mas at\u00e9 agora era uma raridade em regi\u00f5es mais ricas como a Europa. A medida gerou cr\u00edticas na Fran\u00e7a por ser discriminat\u00f3ria e potencialmente dificultar o acesso de visitantes estrangeiros de baixa renda ao museu da Mona Lisa.<\/p>\n<p>&#8220;Se eu for \u00e0 \u00cdndia, as pessoas de l\u00e1 pagam menos do que as estrangeiras \u2013\u00a0\u00e9 justo porque elas t\u00eam menos dinheiro&#8221;, disse a brasileira Marcia Branco, \u00e0 AFP. &#8220;Mas como estou em Paris, num pa\u00eds considerado rico, acho injusto.&#8221;<\/p>\n<p>Arrecada\u00e7\u00e3o para reformas<\/p>\n<p>O governo franc\u00eas defendeu o sistema de pre\u00e7os em dois n\u00edveis, afirmando que ele ajudaria a arrecadar entre 20 milh\u00f5es e 30 milh\u00f5es de euros extras anualmente para o museu, que precisa de reformas e sofreu um grande <a class=\"internal-link\" href=\"https:\/\/www.dw.com\/pt-br\/ladr\u00f5es-roubam-joias-inestim\u00e1veis-do-louvre-\u00e0-luz-do-dia-museu-foi-fechado\/a-74415025\" rel=\"nofollow noopener\" target=\"_blank\">arrombamento<\/a>em outubro passado, quando <a class=\"internal-link\" href=\"https:\/\/www.dw.com\/pt-br\/as-pe\u00e7as-hist\u00f3ricas-levadas-em-roubo-rel\u00e2mpago-no-louvre\/a-74432396\" rel=\"nofollow noopener\" target=\"_blank\">joias hist\u00f3ricas<\/a> foram roubadas.<\/p>\n<p>A rapidez e a efic\u00e1cia do roubo, perpetrado em plena luz do dia, suscitaram um escrut\u00ednio rigoroso das poss\u00edveis falhas de seguran\u00e7a na institui\u00e7\u00e3o.<\/p>\n<p>Dos 8,7 milh\u00f5es de visitantes que o Louvre recebeu em 2024, segundo dados do museu, 23% eram franceses. Quase dois ter\u00e7os dos visitantes franceses tiveram entrada gratuita.<\/p>\n<p>A entrada \u00e9 gratuita para menores de qualquer lugar do mundo e para qualquer cidad\u00e3o franc\u00eas com menos de 26 anos. Grupos de at\u00e9 20 pessoas que reservam visitas guiadas em conjunto tamb\u00e9m recebem um pequeno desconto por pessoa.<\/p>\n<p>Os cidad\u00e3os dos EUA foram o maior grupo de estrangeiros em 2024, com 13%, enquanto grandes pa\u00edses europeus, como o Reino Unido, a Alemanha e a It\u00e1lia representaram 5% cada. Os chineses, que s\u00e3o um grupo de visitantes em r\u00e1pido crescimento, foram 6% do total.<\/p>\n<p>&#8220;Chocante&#8221;<\/p>\n<p>Os sindicatos do Louvre criticaram a decis\u00e3o, que chamaram de &#8220;chocante&#8221;, e a mencionaram como um dos motivos para recentes greves, sendo a mais recente delas no in\u00edcio desta semana.<\/p>\n<p>Embora os sindicatos afirmem que sua obje\u00e7\u00e3o \u00e9 puramente uma quest\u00e3o de princ\u00edpio, eles tamb\u00e9m reclamam que a &#8220;precifica\u00e7\u00e3o diferenciada&#8221; significa que os funcion\u00e1rios ter\u00e3o que verificar os documentos de identidade das pessoas para decidir sobre os tipos de ingressos.<\/p>\n<p>J\u00e1 o acad\u00eamico franc\u00eas Patrick Poncet escreveu no jornal Le Monde no m\u00eas passado que a pol\u00edtica era &#8220;sintom\u00e1tica do retorno, como em outras partes do mundo, do nacionalismo descarado&#8221;.<\/p>\n<p>as (AFP, AP)<\/p>\n","protected":false},"excerpt":{"rendered":"Turistas estrangeiros em Paris reclamaram nesta quarta-feira (14\/01) do aumento de 45% no pre\u00e7o dos ingressos para o&hellip;\n","protected":false},"author":2,"featured_media":230270,"comment_status":"","ping_status":"","sticky":false,"template":"","format":"standard","meta":{"footnotes":""},"categories":[144],"tags":[207,205,206,203,201,202,204,114,115,32,33],"class_list":{"0":"post-230269","1":"post","2":"type-post","3":"status-publish","4":"format-standard","5":"has-post-thumbnail","7":"category-arte-e-design","8":"tag-arte","9":"tag-arte-e-design","10":"tag-artedesign","11":"tag-arts","12":"tag-arts-and-design","13":"tag-artsanddesign","14":"tag-design","15":"tag-entertainment","16":"tag-entretenimento","17":"tag-portugal","18":"tag-pt"},"share_on_mastodon":{"url":"https:\/\/pubeurope.com\/@pt\/115900321800136895","error":""},"_links":{"self":[{"href":"https:\/\/www.europesays.com\/pt\/wp-json\/wp\/v2\/posts\/230269","targetHints":{"allow":["GET"]}}],"collection":[{"href":"https:\/\/www.europesays.com\/pt\/wp-json\/wp\/v2\/posts"}],"about":[{"href":"https:\/\/www.europesays.com\/pt\/wp-json\/wp\/v2\/types\/post"}],"author":[{"embeddable":true,"href":"https:\/\/www.europesays.com\/pt\/wp-json\/wp\/v2\/users\/2"}],"replies":[{"embeddable":true,"href":"https:\/\/www.europesays.com\/pt\/wp-json\/wp\/v2\/comments?post=230269"}],"version-history":[{"count":0,"href":"https:\/\/www.europesays.com\/pt\/wp-json\/wp\/v2\/posts\/230269\/revisions"}],"wp:featuredmedia":[{"embeddable":true,"href":"https:\/\/www.europesays.com\/pt\/wp-json\/wp\/v2\/media\/230270"}],"wp:attachment":[{"href":"https:\/\/www.europesays.com\/pt\/wp-json\/wp\/v2\/media?parent=230269"}],"wp:term":[{"taxonomy":"category","embeddable":true,"href":"https:\/\/www.europesays.com\/pt\/wp-json\/wp\/v2\/categories?post=230269"},{"taxonomy":"post_tag","embeddable":true,"href":"https:\/\/www.europesays.com\/pt\/wp-json\/wp\/v2\/tags?post=230269"}],"curies":[{"name":"wp","href":"https:\/\/api.w.org\/{rel}","templated":true}]}}