{"id":230287,"date":"2026-01-15T17:47:10","date_gmt":"2026-01-15T17:47:10","guid":{"rendered":"https:\/\/www.europesays.com\/pt\/230287\/"},"modified":"2026-01-15T17:47:10","modified_gmt":"2026-01-15T17:47:10","slug":"atriz-de-valor-sentimental-morou-no-brasil-e-elogia-wagner-moura","status":"publish","type":"post","link":"https:\/\/www.europesays.com\/pt\/230287\/","title":{"rendered":"Atriz de Valor Sentimental morou no Brasil e elogia Wagner Moura"},"content":{"rendered":"<p>Em alta na temporada de premia\u00e7\u00f5es, <strong>Valor Sentimental <\/strong>traz uma atriz que viveu no Brasil e se inspirou em <strong>Wagner Moura <\/strong>ao longo de sua carreira.\u00a0<\/p>\n<p>A atriz <strong>Inga Ibsdotter Lilleaas<\/strong>, que interpreta Agnes Bor Pettersen no filme, morou no Brasil aos 17 anos, durante os anos 2000. &#8220;Eu via ele, ele me ensinou portugu\u00eas, de alguma maneira&#8221;, disse Lilleaas ao Deadline. &#8220;Porque eu assistia a ele e a outros atores, claro, pelas novelas, e eu lembro dele muito bem, porque ele era \u00f3timo&#8221;, continuou a atriz.<\/p>\n<p>            Continua depois da Publicidade<\/p>\n<p>    <strong>Tudo sobre\u00a0O Agente Secreto<\/strong><\/p>\n<p>Ambientada em Recife, em 1977, a hist\u00f3ria acompanha Marcelo (Wagner Moura), um especialista em tecnologia que retorna \u00e0 capital pernambucana ap\u00f3s anos fora em busca de paz, apenas para descobrir que sua cidade natal esconde perigos e segredos inquietantes.<\/p>\n<p data-gtm-vis-first-on-screen67967661_30=\"2275\" data-gtm-vis-has-fired67967661_30=\"1\" data-gtm-vis-total-visible-time67967661_30=\"100\">A obra tra\u00e7a um panorama da sociedade e da pol\u00edtica brasileira nos anos 70, tocando atrav\u00e9s dele em temas como repress\u00e3o pol\u00edtica, restri\u00e7\u00e3o de direitos e o uso da tecnologia como ferramenta do controle totalit\u00e1rio.<\/p>\n<p>O elenco do thriller pol\u00edtico re\u00fane ainda grandes nomes do cinema brasileiro, incluindo\u00a0<strong>Maria Fernanda C\u00e2ndido<\/strong>,\u00a0<strong>Gabriel Leone<\/strong>,\u00a0<strong>Carlos Francisco<\/strong>,\u00a0<strong>Alice Carvalho<\/strong>,<strong>\u00a0Roberto Diogenes<\/strong>,\u00a0<strong>Hermila Guedes<\/strong>, entre outros.\u00a0<strong>Udo Kier<\/strong>, de\u00a0<strong>Bacurau<\/strong>, tamb\u00e9m est\u00e1 no filme. A dire\u00e7\u00e3o \u00e9 de Kleber Mendon\u00e7a Filho, que tamb\u00e9m assina o roteiro.<\/p>\n<p>            Continua depois da Publicidade<\/p>\n<p>No <strong>Festival de Cannes<\/strong>\u00a0deste ano,\u00a0O Agente Secreto\u00a0teve um resultado hist\u00f3rico, levando para casa dois trof\u00e9us: Kleber Mendon\u00e7a Filho venceu o pr\u00eamio de Melhor Dire\u00e7\u00e3o, e Wagner Moura recebeu o pr\u00eamio de Melhor Ator.<\/p>\n","protected":false},"excerpt":{"rendered":"Em alta na temporada de premia\u00e7\u00f5es, Valor Sentimental traz uma atriz que viveu no Brasil e se inspirou&hellip;\n","protected":false},"author":2,"featured_media":230288,"comment_status":"","ping_status":"","sticky":false,"template":"","format":"standard","meta":{"footnotes":""},"categories":[145],"tags":[211,210,114,115,32,33],"class_list":{"0":"post-230287","1":"post","2":"type-post","3":"status-publish","4":"format-standard","5":"has-post-thumbnail","7":"category-celebridades","8":"tag-celebridades","9":"tag-celebrities","10":"tag-entertainment","11":"tag-entretenimento","12":"tag-portugal","13":"tag-pt"},"share_on_mastodon":{"url":"https:\/\/pubeurope.com\/@pt\/115900373024392459","error":""},"_links":{"self":[{"href":"https:\/\/www.europesays.com\/pt\/wp-json\/wp\/v2\/posts\/230287","targetHints":{"allow":["GET"]}}],"collection":[{"href":"https:\/\/www.europesays.com\/pt\/wp-json\/wp\/v2\/posts"}],"about":[{"href":"https:\/\/www.europesays.com\/pt\/wp-json\/wp\/v2\/types\/post"}],"author":[{"embeddable":true,"href":"https:\/\/www.europesays.com\/pt\/wp-json\/wp\/v2\/users\/2"}],"replies":[{"embeddable":true,"href":"https:\/\/www.europesays.com\/pt\/wp-json\/wp\/v2\/comments?post=230287"}],"version-history":[{"count":0,"href":"https:\/\/www.europesays.com\/pt\/wp-json\/wp\/v2\/posts\/230287\/revisions"}],"wp:featuredmedia":[{"embeddable":true,"href":"https:\/\/www.europesays.com\/pt\/wp-json\/wp\/v2\/media\/230288"}],"wp:attachment":[{"href":"https:\/\/www.europesays.com\/pt\/wp-json\/wp\/v2\/media?parent=230287"}],"wp:term":[{"taxonomy":"category","embeddable":true,"href":"https:\/\/www.europesays.com\/pt\/wp-json\/wp\/v2\/categories?post=230287"},{"taxonomy":"post_tag","embeddable":true,"href":"https:\/\/www.europesays.com\/pt\/wp-json\/wp\/v2\/tags?post=230287"}],"curies":[{"name":"wp","href":"https:\/\/api.w.org\/{rel}","templated":true}]}}