{"id":230297,"date":"2026-01-15T17:53:09","date_gmt":"2026-01-15T17:53:09","guid":{"rendered":"https:\/\/www.europesays.com\/pt\/230297\/"},"modified":"2026-01-15T17:53:09","modified_gmt":"2026-01-15T17:53:09","slug":"benfica-mourinho-volta-a-falhar-conferencia-de-imprensa","status":"publish","type":"post","link":"https:\/\/www.europesays.com\/pt\/230297\/","title":{"rendered":"Benfica: Mourinho volta a falhar confer\u00eancia de imprensa"},"content":{"rendered":"<p>&#13;<br \/>\n    &#13;<br \/>\n&#13;<br \/>\n    &#13;<br \/>\n        &#13;<br \/>\n        &#13;<br \/>\n&#13;<\/p>\n<p>Benfica: Mourinho volta a falhar confer\u00eancia de imprensa | MAISFUTEBOL<\/p>\n<p>&#13;<br \/>\n        &#13;<br \/>\n        &#13;<br \/>\n        &#13;<br \/>\n        &#13;<br \/>\n        &#13;<br \/>\n        &#13;<br \/>\n            &#13;<br \/>\n        &#13;<br \/>\n    &#13;<br \/>\n&#13;<br \/>\n    &#13;<br \/>\n&#13;<br \/>\n        &#13;<br \/>\n&#13;<\/p>\n<p>        <a data-iol-identity=\"logo\" id=\"brand\" class=\"maisfutebolBrandUrl\" href=\"https:\/\/maisfutebol.iol.pt\/\" rel=\"nofollow noopener\" target=\"_blank\"><img decoding=\"async\" src=\"https:\/\/maisfutebol.iol.pt\/img\/maisfutebol_logo.svg\" alt=\"Maisfutebol\" class=\"maisfutebolBrand\"\/><\/a><\/p>\n<p>&#13;<br \/>\n&#13;<br \/>\n&#13;<br \/>\n&#13;<\/p>\n<p>                &#13;<br \/>\n                    &#13;<br \/>\n                    <img loading=\"lazy\" decoding=\"async\" src=\"https:\/\/mais-vistos-producer.iol.pt\/mais-vistos-producer?token=A12FFAZ7B226964436F6E746575646F223A2022363936393037366664333465306563353265633233333266222C227469706F436F6E746575646F223A202261727469676F222C22706C617461666F726D61223A2022776562222C226F726967656D223A20226D61697366757465626F6C222C2270726F6772616D61223A2022222C22696455736572223A2022227D\" style=\"display: none;\" height=\"1\" width=\"1\"\/>&#13;<\/p>\n<p>                            &#13;<br \/>\n                                Treinador dos encarnados vai antever o jogo com o Rio Ave apenas com declara\u00e7\u00f5es \u00e0 televis\u00e3o do clube&#13;<\/p>\n<p>                    &#13;<br \/>\n&#13;<br \/>\n                    &#13;<br \/>\n&#13;<\/p>\n<p>                <img decoding=\"async\" src=\"https:\/\/www.europesays.com\/pt\/wp-content\/uploads\/2026\/01\/1768499589_714_1024.webp\" alt=\"Jos\u00e9 Mourinho (ESTELA SILVA\/LUSA)\" class=\"imgArtigo\"\/><\/p>\n<p>&#13;<br \/>\n&#13;<br \/>\n                    &#13;<br \/>\n&#13;<br \/>\n&#13;<br \/>\n                    &#13;<br \/>\n                        &#13;<br \/>\n&#13;<br \/>\n&#13;<br \/>\n                    &#13;<br \/>\n&#13;<br \/>\n                    &#13;<br \/>\n&#13;<\/p>\n<p>                                Treinador dos encarnados vai antever o jogo com o Rio Ave apenas com declara\u00e7\u00f5es \u00e0 televis\u00e3o do clube<\/p>\n<p>Tal como tem acontecido em diversas ocasi\u00f5es esta temporada, Jos\u00e9 Mourinho n\u00e3o vai estar presente em confer\u00eancia de imprensa para antever o jogo com o Rio Ave, da 18.\u00aa jornada da Liga.<\/p>\n<p>O t\u00e9cnico dos encarnados vai falar apenas\u00a0\u00e0 televis\u00e3o do clube, a BTV, a partir das 14h00 desta sexta-feira.<\/p>\n<p>O Benfica visita o Rio Ave no pr\u00f3ximo s\u00e1bado, em jogo marcado para as 20h30.<\/p>\n<p>&#13;<br \/>\n                                    &#13;<br \/>\n                                        Continuar a ler &#13;<br \/>\n                                    &#13;\n                                <\/p>\n<p>                    &#13;<\/p>\n<p>                <img decoding=\"async\" src=\"https:\/\/maisfutebol.iol.pt\/img\/aominuto\/loading.svg\" width=\"50\"\/><\/p>\n<p>        &#13;<br \/>\n&#13;<\/p>\n<p>\n        MAISFUTEBOL COPYRIGHT \u00a9 2026 IOL.PT\n    <\/p>\n<p>&#13;<br \/>\n    &#13;<\/p>\n","protected":false},"excerpt":{"rendered":"&#13; &#13; &#13; &#13; &#13; &#13; &#13; Benfica: Mourinho volta a falhar confer\u00eancia de imprensa | MAISFUTEBOL &#13;&hellip;\n","protected":false},"author":2,"featured_media":229868,"comment_status":"","ping_status":"","sticky":false,"template":"","format":"standard","meta":{"footnotes":""},"categories":[87],"tags":[51,9062,135,1385,46,7864,32,33,47,9819,134],"class_list":{"0":"post-230297","1":"post","2":"type-post","3":"status-publish","4":"format-standard","5":"has-post-thumbnail","7":"category-desporto","8":"tag-benfica","9":"tag-conferencia-de-imprensa","10":"tag-desporto","11":"tag-jose-mourinho","12":"tag-maisfutebol","13":"tag-mourinho","14":"tag-portugal","15":"tag-pt","16":"tag-pura-paixao","17":"tag-rio-ave","18":"tag-sports"},"share_on_mastodon":{"url":"https:\/\/pubeurope.com\/@pt\/115900396621029696","error":""},"_links":{"self":[{"href":"https:\/\/www.europesays.com\/pt\/wp-json\/wp\/v2\/posts\/230297","targetHints":{"allow":["GET"]}}],"collection":[{"href":"https:\/\/www.europesays.com\/pt\/wp-json\/wp\/v2\/posts"}],"about":[{"href":"https:\/\/www.europesays.com\/pt\/wp-json\/wp\/v2\/types\/post"}],"author":[{"embeddable":true,"href":"https:\/\/www.europesays.com\/pt\/wp-json\/wp\/v2\/users\/2"}],"replies":[{"embeddable":true,"href":"https:\/\/www.europesays.com\/pt\/wp-json\/wp\/v2\/comments?post=230297"}],"version-history":[{"count":0,"href":"https:\/\/www.europesays.com\/pt\/wp-json\/wp\/v2\/posts\/230297\/revisions"}],"wp:featuredmedia":[{"embeddable":true,"href":"https:\/\/www.europesays.com\/pt\/wp-json\/wp\/v2\/media\/229868"}],"wp:attachment":[{"href":"https:\/\/www.europesays.com\/pt\/wp-json\/wp\/v2\/media?parent=230297"}],"wp:term":[{"taxonomy":"category","embeddable":true,"href":"https:\/\/www.europesays.com\/pt\/wp-json\/wp\/v2\/categories?post=230297"},{"taxonomy":"post_tag","embeddable":true,"href":"https:\/\/www.europesays.com\/pt\/wp-json\/wp\/v2\/tags?post=230297"}],"curies":[{"name":"wp","href":"https:\/\/api.w.org\/{rel}","templated":true}]}}