{"id":230306,"date":"2026-01-15T17:59:08","date_gmt":"2026-01-15T17:59:08","guid":{"rendered":"https:\/\/www.europesays.com\/pt\/230306\/"},"modified":"2026-01-15T17:59:08","modified_gmt":"2026-01-15T17:59:08","slug":"brilhante-dias-sai-em-defesa-de-seguro-e-acusa-almirante-de-falsificar-a-historia-presidenciais","status":"publish","type":"post","link":"https:\/\/www.europesays.com\/pt\/230306\/","title":{"rendered":"Brilhante Dias sai em defesa de Seguro e acusa almirante de &#8220;falsificar a hist\u00f3ria&#8221; &#8211; Presidenciais"},"content":{"rendered":"<p>                     Brilhante Dias acusa Gouveia e Melo de &#8220;falsifica\u00e7\u00e3o da hist\u00f3ria&#8221; sobre Seguro<\/p>\n<p class=\"\">&#13;<br \/>\n        O <b>l\u00edder parlamentar socialista acusou esta quinta-feira o candidato presidencial Gouveia e Melo de &#8220;falsifica\u00e7\u00e3o da hist\u00f3ria&#8221; ao associar Seguro ao corte de pens\u00f5es durante a &#8220;troika&#8221;<\/b>, considerando que s\u00f3 a sua tenacidade impediu que cortes tempor\u00e1rios tivessem sido permanentes.&#13;\n    <\/p>\n<p class=\"\">&#13;<br \/>\n        &#8220;Em pol\u00edtica n\u00e3o vale tudo e muito menos a falsifica\u00e7\u00e3o da hist\u00f3ria.\u00a0Eu percebo que h\u00e1 um contexto eleitoral que n\u00e3o est\u00e1 a correr bem ao candidato Gouveia e Melo,\u00a0mas n\u00e3o vale tudo.\u00a0Isso \u00e9 uma absoluta falsifica\u00e7\u00e3o da hist\u00f3ria&#8221;, acusou, em declara\u00e7\u00f5es \u00e0 ag\u00eancia Lusa, Eurico Brilhante Dias.&#13;\n    <\/p>\n<p class=\"\">&#13;<br \/>\n        De acordo com o l\u00edder parlamentar do PS, &#8220;se houve personalidade que, ao longo daquele per\u00edodo dif\u00edcil, foi contra os cortes salariais\u00a0e de pens\u00f5es, foi Ant\u00f3nio Jos\u00e9 Seguro&#8221;.&#13;\n    <\/p>\n<p class=\"\">&#13;<br \/>\n        &#8220;Lembro-me bem, desde o momento zero, <b>o combate essencial foi n\u00e3o haver mais cortes e, mais\u00a0do que isso, n\u00e3o tornar aqueles que eram tempor\u00e1rios em permanentes.<\/b> E s\u00f3 a tenacidade, o esfor\u00e7o, o sentido de Estado do Dr. Ant\u00f3nio Jos\u00e9 Seguro \u00e9 que\u00a0impediu que isso acontecesse&#8221;, referiu.&#13;\n    <\/p>\n<p class=\"\">&#13;<br \/>\n        Eurico Brilhante Dias referiu que foi &#8220;um ator que teve a possibilidade\u00a0de presenciar de perto esse per\u00edodo da hist\u00f3ria, quando o PS era oposi\u00e7\u00e3o\u00a0e uma oposi\u00e7\u00e3o minorit\u00e1ria no parlamento&#8221; e Seguro se op\u00f4s a esses cortes.&#13;\n    <\/p>\n<p class=\"\">&#13;<br \/>\n        &#8220;Foi assim na discuss\u00e3o do Or\u00e7amento de 2012, de 2013 e de 2014, e devo dizer que, se n\u00e3o fosse a tenacidade\u00a0do doutor Ant\u00f3nio Jos\u00e9 Seguro, se calhar, tinha havido um acordo para um corte permanente\u00a0de sal\u00e1rios e de pens\u00f5es, que era aquilo que, ent\u00e3o a coliga\u00e7\u00e3o PSD-CDS com a troika\u00a0queriam fazer, inclusive na discuss\u00e3o, em 2013, na senda da proposta\u00a0do senhor Presidente da Rep\u00fablica, An\u00edbal Cavaco Silva, para um acordo, ent\u00e3o, dito de salva\u00e7\u00e3o\u00a0nacional&#8221;, disse.&#13;\n    <\/p>\n","protected":false},"excerpt":{"rendered":"Brilhante Dias acusa Gouveia e Melo de &#8220;falsifica\u00e7\u00e3o da hist\u00f3ria&#8221; sobre Seguro &#13; O l\u00edder parlamentar socialista acusou&hellip;\n","protected":false},"author":2,"featured_media":230307,"comment_status":"","ping_status":"","sticky":false,"template":"","format":"standard","meta":{"footnotes":""},"categories":[10],"tags":[27,28,15,16,14,25,26,21,22,12,13,19,20,32,23,24,33,17,18,29,30,31],"class_list":{"0":"post-230306","1":"post","2":"type-post","3":"status-publish","4":"format-standard","5":"has-post-thumbnail","7":"category-portugal","8":"tag-breaking-news","9":"tag-breakingnews","10":"tag-featured-news","11":"tag-featurednews","12":"tag-headlines","13":"tag-latest-news","14":"tag-latestnews","15":"tag-main-news","16":"tag-mainnews","17":"tag-news","18":"tag-noticias","19":"tag-noticias-principais","20":"tag-noticiasprincipais","21":"tag-portugal","22":"tag-principais-noticias","23":"tag-principaisnoticias","24":"tag-pt","25":"tag-top-stories","26":"tag-topstories","27":"tag-ultimas","28":"tag-ultimas-noticias","29":"tag-ultimasnoticias"},"share_on_mastodon":{"url":"https:\/\/pubeurope.com\/@pt\/115900420131246860","error":""},"_links":{"self":[{"href":"https:\/\/www.europesays.com\/pt\/wp-json\/wp\/v2\/posts\/230306","targetHints":{"allow":["GET"]}}],"collection":[{"href":"https:\/\/www.europesays.com\/pt\/wp-json\/wp\/v2\/posts"}],"about":[{"href":"https:\/\/www.europesays.com\/pt\/wp-json\/wp\/v2\/types\/post"}],"author":[{"embeddable":true,"href":"https:\/\/www.europesays.com\/pt\/wp-json\/wp\/v2\/users\/2"}],"replies":[{"embeddable":true,"href":"https:\/\/www.europesays.com\/pt\/wp-json\/wp\/v2\/comments?post=230306"}],"version-history":[{"count":0,"href":"https:\/\/www.europesays.com\/pt\/wp-json\/wp\/v2\/posts\/230306\/revisions"}],"wp:featuredmedia":[{"embeddable":true,"href":"https:\/\/www.europesays.com\/pt\/wp-json\/wp\/v2\/media\/230307"}],"wp:attachment":[{"href":"https:\/\/www.europesays.com\/pt\/wp-json\/wp\/v2\/media?parent=230306"}],"wp:term":[{"taxonomy":"category","embeddable":true,"href":"https:\/\/www.europesays.com\/pt\/wp-json\/wp\/v2\/categories?post=230306"},{"taxonomy":"post_tag","embeddable":true,"href":"https:\/\/www.europesays.com\/pt\/wp-json\/wp\/v2\/tags?post=230306"}],"curies":[{"name":"wp","href":"https:\/\/api.w.org\/{rel}","templated":true}]}}