{"id":230317,"date":"2026-01-15T18:07:09","date_gmt":"2026-01-15T18:07:09","guid":{"rendered":"https:\/\/www.europesays.com\/pt\/230317\/"},"modified":"2026-01-15T18:07:09","modified_gmt":"2026-01-15T18:07:09","slug":"gary-neville-so-ve-3-treinadores-capazes-de-salvar-o-manchester-united","status":"publish","type":"post","link":"https:\/\/www.europesays.com\/pt\/230317\/","title":{"rendered":"Gary Neville s\u00f3 v\u00ea 3 treinadores capazes de &#8216;salvar&#8217; o Manchester United"},"content":{"rendered":"<p>Gary Neville, &#8216;lenda viva&#8217; do Manchester United, defendeu, esta quinta-feira, no podcast &#8216;<a href=\"https:\/\/www.youtube.com\/watch?v=7PTTqRaULyM&amp;list=PLfikCHtGjo4l2AJbpkgkmFOxgIQBc9Pn2&amp;index=2&amp;t=1s\" target=\"_blank\" rel=\"noopener nofollow\">Stick to Football<\/a>&#8216;, que Michael Carrick, antigo jogador com o qual partilhou balne\u00e1rio, em Old Trafford (e tamb\u00e9m na principal sele\u00e7\u00e3o de Inglaterra), n\u00e3o tem qualidade para assumir o comando t\u00e9cnico da equipa principal al\u00e9m do final da presente temporada<\/p>\n<p>Na opini\u00e3o do agora comentador desportivo, de 50 anos de idade, os respons\u00e1veis dos red devils deveriam focar-se j\u00e1 na campanha de 2026\/27, com vista \u00e0 contrata\u00e7\u00e3o de um &#8216;peso pesado&#8217;, que fosse capaz de &#8216;fazer esquecer&#8217; Ruben Amorim, que durou apenas 14 meses no cargo, depois de ter sido adquirido ao Sporting a troco de uma verba na ordem dos 11 milh\u00f5es de euros.<\/p>\n<p>&#8220;Eu espero que o Michael se d\u00ea mesmo bem. Podemos estar sentados, aqui, no final da temporada, com os adeptos levantados, com a equipa no quinto lugar da tabela e de volta aos lugares de acesso \u00e0 Liga dos Campe\u00f5es, a dar por n\u00f3s levados por isso, mas n\u00e3o pode ser equacionado, de maneira alguma, que o Michael assuma o cargo al\u00e9m do final da \u00e9poca, para bem do Michael do clube, mesmo que ganhe todos os jogos&#8221;, come\u00e7ou por afirmar.<\/p>\n<p>&#8220;Quando Amorim foi despedido, e come\u00e7\u00e1mos a ouvir nomes como o do Michael, do Ole [Gunnar Solskjaer] ou do Ruud [van Nistelrooy], foi uma sensa\u00e7\u00e3o um pouco triste, como se estiv\u00e9ssemos a dizer &#8216;L\u00e1 vamos n\u00f3s, novamente&#8217;. J\u00e1 estivemos l\u00e1 antes, com o Ole e o Giggsy [Ryan Giggs], quando David Moyes foi despedido. J\u00e1 vimos este filme antes, mas n\u00e3o me parece que houvesse qualquer outra op\u00e7\u00e3o para o clube, neste momento&#8221;, prosseguiu.<\/p>\n<p>&#8220;A maior parte dos adeptos do Manchester United concordar\u00e3o com a decis\u00e3o de aguardar at\u00e9 ao final da temporada, devido aos treinadores que ficar\u00e3o dispon\u00edveis, mas, se n\u00e3o contratarem um treinador, no ver\u00e3o, vai criar-se uma press\u00e3o enorme. Eles devem estar a pensar que v\u00e3o contratar um dos grandes, caso contr\u00e1rio, n\u00e3o teria optado por uma ponte, neste momento&#8221;, completou.<\/p>\n<p>                                                    &#8220;Os tr\u00eas que se destacam s\u00e3o Tuchel, Ancelotti e Pochettino&#8221;<\/p>\n<p>Para o antigo internacional ingl\u00eas, apenas tr\u00eas treinadores t\u00eam capacidade para &#8216;salvar&#8217; o Manchester United, neste momento: &#8220;J\u00e1 tentaram de tudo, quando toca a contratar um treinador, absolutamente de tudo. Eles, simplesmente, t\u00eam de tentar remover os riscos, agora. Quem consegue lidar com a comunica\u00e7\u00e3o social? Quem consegue arrumar o balne\u00e1rio?&#8221;.<\/p>\n<p>&#8220;Quem consegue lidar com os propriet\u00e1rios? Quem pratica um estilo de jogo que os adeptos, pelo menos, desfrutem de observar? Quem \u00e9 que tem experi\u00eancia de Liga dos Campe\u00f5es? Quem \u00e9 que tem experi\u00eancia em grandes jogos? Os tr\u00eas que se destacam s\u00e3o [Thomas] Tuchel, [Carlo] Ancelotti e [Mauricio] Pochettino. Todos eles podem estar dispon\u00edveis, depois do Campeonato do Mundo&#8221;, refletiu.<\/p>\n<p>&#8220;Eddie Howe, que conquistou um trof\u00e9u, terminou no top4 e treinou um grande clube, como \u00e9 o caso do Newcastle, \u00e9 outro. Para tornar o Manchester United num clube atrativo para os jogadores, Tuchel e Ancelotti s\u00e3o uma s\u00e9ria op\u00e7\u00e3o. Se contratarem um treinador jovem, o Manchester United vai deixar escapar jogadores&#8221;, acrescentou.<\/p>\n<p>&#8220;O Manchester United vai deixar escapar muitos jogadores, mas algu\u00e9m como Ancelotti iria encoraj\u00e1-los a virem. Eles precisam disso, neste momento, porque n\u00e3o estou certo de que haja jogadores a fazerem fila para ser contratados, a n\u00e3o ser que seja por algu\u00e9m em quem acreditem&#8221;, concluiu.<\/p>\n<p>Leia Tamb\u00e9m: <a href=\"https:\/\/www.noticiasaominuto.com\/desporto\/2919734\/a-decisao-de-amorim-que-lhe-salvou-a-indemnizacao-no-manchester-united\" target=\"_blank\" rel=\"noopener noreferrer nofollow\">A decis\u00e3o de Amorim que lhe &#8216;salvou&#8217; a indemniza\u00e7\u00e3o no Manchester United<\/a><\/p>\n","protected":false},"excerpt":{"rendered":"Gary Neville, &#8216;lenda viva&#8217; do Manchester United, defendeu, esta quinta-feira, no podcast &#8216;Stick to Football&#8216;, que Michael Carrick,&hellip;\n","protected":false},"author":2,"featured_media":230318,"comment_status":"","ping_status":"","sticky":false,"template":"","format":"standard","meta":{"footnotes":""},"categories":[87],"tags":[135,32,33,134],"class_list":{"0":"post-230317","1":"post","2":"type-post","3":"status-publish","4":"format-standard","5":"has-post-thumbnail","7":"category-desporto","8":"tag-desporto","9":"tag-portugal","10":"tag-pt","11":"tag-sports"},"share_on_mastodon":{"url":"https:\/\/pubeurope.com\/@pt\/115900452132661927","error":""},"_links":{"self":[{"href":"https:\/\/www.europesays.com\/pt\/wp-json\/wp\/v2\/posts\/230317","targetHints":{"allow":["GET"]}}],"collection":[{"href":"https:\/\/www.europesays.com\/pt\/wp-json\/wp\/v2\/posts"}],"about":[{"href":"https:\/\/www.europesays.com\/pt\/wp-json\/wp\/v2\/types\/post"}],"author":[{"embeddable":true,"href":"https:\/\/www.europesays.com\/pt\/wp-json\/wp\/v2\/users\/2"}],"replies":[{"embeddable":true,"href":"https:\/\/www.europesays.com\/pt\/wp-json\/wp\/v2\/comments?post=230317"}],"version-history":[{"count":0,"href":"https:\/\/www.europesays.com\/pt\/wp-json\/wp\/v2\/posts\/230317\/revisions"}],"wp:featuredmedia":[{"embeddable":true,"href":"https:\/\/www.europesays.com\/pt\/wp-json\/wp\/v2\/media\/230318"}],"wp:attachment":[{"href":"https:\/\/www.europesays.com\/pt\/wp-json\/wp\/v2\/media?parent=230317"}],"wp:term":[{"taxonomy":"category","embeddable":true,"href":"https:\/\/www.europesays.com\/pt\/wp-json\/wp\/v2\/categories?post=230317"},{"taxonomy":"post_tag","embeddable":true,"href":"https:\/\/www.europesays.com\/pt\/wp-json\/wp\/v2\/tags?post=230317"}],"curies":[{"name":"wp","href":"https:\/\/api.w.org\/{rel}","templated":true}]}}