{"id":230325,"date":"2026-01-15T18:12:07","date_gmt":"2026-01-15T18:12:07","guid":{"rendered":"https:\/\/www.europesays.com\/pt\/230325\/"},"modified":"2026-01-15T18:12:07","modified_gmt":"2026-01-15T18:12:07","slug":"polonia-acusa-russia-de-ciberataque-para-provocar-apagao-no-pais-uniao-europeia","status":"publish","type":"post","link":"https:\/\/www.europesays.com\/pt\/230325\/","title":{"rendered":"Pol\u00f3nia acusa R\u00fassia de ciberataque para provocar apag\u00e3o no pa\u00eds &#8211; Uni\u00e3o Europeia"},"content":{"rendered":"<p class=\"\">&#13;<br \/>\n        O primeiro-ministro da Pol\u00f3nia, <b>Donald Tusk, confirmou esta quinta-feira que o pa\u00eds foi alvo de um ciberataque no final de 2025, planeado &#8220;durante semanas&#8221; pela R\u00fassia<\/b> e que visava provocar um apag\u00e3o em todo o territ\u00f3rio polaco.&#13;\n    <\/p>\n<p class=\"\">&#13;<br \/>\n        Numa confer\u00eancia de imprensa em Vars\u00f3via, ap\u00f3s uma reuni\u00e3o com as autoridades de seguran\u00e7a energ\u00e9tica, Tusk revelou que o <b>ataque provocou apag\u00f5es em v\u00e1rias cidades polacas durante v\u00e1rias horas na v\u00e9spera de Ano Novo e &#8220;deixou 500 mil pessoas sem aquecimento em pleno inverno&#8221;.<\/b>&#13;\n    <\/p>\n<p class=\"\">&#13;<br \/>\n        O ataque, detetado em 31 de dezembro, &#8220;teve como alvo subesta\u00e7\u00f5es, linhas de transmiss\u00e3o e operadores de energias renov\u00e1veis, afetando parques e\u00f3licos e duas centrais de cogera\u00e7\u00e3o&#8221;, disse Tusk, acrescentando que, apesar de tudo, &#8220;o sistema cr\u00edtico como um todo n\u00e3o esteve em risco&#8221;.&#13;\n    <\/p>\n<p class=\"\">&#13;<br \/>\n        &#8220;Os sistemas estatais funcionaram corretamente na localiza\u00e7\u00e3o da amea\u00e7a&#8221;, enfatizou.&#13;\n    <\/p>\n<p class=\"\">&#13;<br \/>\n        Esta confirma\u00e7\u00e3o surge depois de o ministro dos Assuntos Digitais polaco, Krzysztof Gawkowski, ter acusado formalmente a R\u00fassia, na passada ter\u00e7a-feira, de orquestrar esta sabotagem para desestabilizar o pa\u00eds devido ao &#8220;apoio estrat\u00e9gico da Pol\u00f3nia \u00e0 Ucr\u00e2nia&#8221;.&#13;\n    <\/p>\n<p class=\"\">&#13;<br \/>\n        Face a esta vulnerabilidade, Tusk enfatizou a necessidade de implementar a nova Lei do Sistema Nacional de Ciberseguran\u00e7a, um projeto de lei que procura transpor a diretiva europeia NIS-2 para <b>elevar os padr\u00f5es de prote\u00e7\u00e3o em setores cr\u00edticos como a energia, os transportes e a sa\u00fade nos pa\u00edses que a adotarem, com a obriga\u00e7\u00e3o de implementar medidas de gest\u00e3o de risco, autentica\u00e7\u00e3o e encripta\u00e7\u00e3o.<\/b>&#13;\n    <\/p>\n<p class=\"\">&#13;<br \/>\n        Segundo o primeiro-ministro polaco, esta lei daria \u00e0s institui\u00e7\u00f5es &#8220;ferramentas poderosas&#8221; para controlar a interfer\u00eancia estrangeira e proteger o mercado polaco.&#13;\n    <\/p>\n<p class=\"\">&#13;<br \/>\n        &#8220;Apelo ao Presidente [polaco, Karol Nawrock] a n\u00e3o atrasar a assinatura desta lei assim que for aprovada pelo Parlamento. N\u00e3o dever\u00e1 haver disputas pol\u00edticas sobre este assunto&#8221;, declarou Tusk.&#13;\n    <\/p>\n<p class=\"\">&#13;<br \/>\n        O Governo polaco planeia enviar o projeto de lei ao Senado nos pr\u00f3ximos dias para lidar com o crescente n\u00famero de ataques cibern\u00e9ticos, que ultrapassaram os 170.000 casos apenas nos primeiros nove meses de 2025.&#13;\n    <\/p>\n","protected":false},"excerpt":{"rendered":"&#13; O primeiro-ministro da Pol\u00f3nia, Donald Tusk, confirmou esta quinta-feira que o pa\u00eds foi alvo de um ciberataque&hellip;\n","protected":false},"author":2,"featured_media":230326,"comment_status":"","ping_status":"","sticky":false,"template":"","format":"standard","meta":{"footnotes":""},"categories":[50],"tags":[27,28,15,16,14,25,26,21,22,62,12,13,19,20,23,24,17,18,29,30,31,63,64,65],"class_list":{"0":"post-230325","1":"post","2":"type-post","3":"status-publish","4":"format-standard","5":"has-post-thumbnail","7":"category-mundo","8":"tag-breaking-news","9":"tag-breakingnews","10":"tag-featured-news","11":"tag-featurednews","12":"tag-headlines","13":"tag-latest-news","14":"tag-latestnews","15":"tag-main-news","16":"tag-mainnews","17":"tag-mundo","18":"tag-news","19":"tag-noticias","20":"tag-noticias-principais","21":"tag-noticiasprincipais","22":"tag-principais-noticias","23":"tag-principaisnoticias","24":"tag-top-stories","25":"tag-topstories","26":"tag-ultimas","27":"tag-ultimas-noticias","28":"tag-ultimasnoticias","29":"tag-world","30":"tag-world-news","31":"tag-worldnews"},"share_on_mastodon":{"url":"https:\/\/pubeurope.com\/@pt\/115900471437337112","error":""},"_links":{"self":[{"href":"https:\/\/www.europesays.com\/pt\/wp-json\/wp\/v2\/posts\/230325","targetHints":{"allow":["GET"]}}],"collection":[{"href":"https:\/\/www.europesays.com\/pt\/wp-json\/wp\/v2\/posts"}],"about":[{"href":"https:\/\/www.europesays.com\/pt\/wp-json\/wp\/v2\/types\/post"}],"author":[{"embeddable":true,"href":"https:\/\/www.europesays.com\/pt\/wp-json\/wp\/v2\/users\/2"}],"replies":[{"embeddable":true,"href":"https:\/\/www.europesays.com\/pt\/wp-json\/wp\/v2\/comments?post=230325"}],"version-history":[{"count":0,"href":"https:\/\/www.europesays.com\/pt\/wp-json\/wp\/v2\/posts\/230325\/revisions"}],"wp:featuredmedia":[{"embeddable":true,"href":"https:\/\/www.europesays.com\/pt\/wp-json\/wp\/v2\/media\/230326"}],"wp:attachment":[{"href":"https:\/\/www.europesays.com\/pt\/wp-json\/wp\/v2\/media?parent=230325"}],"wp:term":[{"taxonomy":"category","embeddable":true,"href":"https:\/\/www.europesays.com\/pt\/wp-json\/wp\/v2\/categories?post=230325"},{"taxonomy":"post_tag","embeddable":true,"href":"https:\/\/www.europesays.com\/pt\/wp-json\/wp\/v2\/tags?post=230325"}],"curies":[{"name":"wp","href":"https:\/\/api.w.org\/{rel}","templated":true}]}}