{"id":230333,"date":"2026-01-15T18:18:14","date_gmt":"2026-01-15T18:18:14","guid":{"rendered":"https:\/\/www.europesays.com\/pt\/230333\/"},"modified":"2026-01-15T18:18:14","modified_gmt":"2026-01-15T18:18:14","slug":"paris-recebe-nova-temporada-de-bridgerton-com-grande-pompa","status":"publish","type":"post","link":"https:\/\/www.europesays.com\/pt\/230333\/","title":{"rendered":"Paris recebe nova temporada de &#8220;Bridgerton&#8221; com grande pompa"},"content":{"rendered":"<p>A quarta temporada de &#8220;Bridgerton&#8221; foi lan\u00e7ada com grande pompa em Paris na noite de quarta-feira, antes da estreia da s\u00e9rie de romances de \u00e9poca no dia 29 na Netflix, com a mesma f\u00f3rmula de sucesso: amores frustrados, mexericos, bailes e ainda mais diversidade.<\/p>\n<p>Centenas de f\u00e3s juntaram-se em frente do Palais Brongniart, no centro de Paris, cujos degraus e colunas foram redecorados com as cores da s\u00e9rie, incluindo um jardim ingl\u00eas, para uma estreia mundial que contou com a presen\u00e7a das estrelas da produ\u00e7\u00e3o.<\/p>\n<p>Lan\u00e7ada em 2020, a adapta\u00e7\u00e3o dos romances da autora norte-americana Julia Quinn, com as temporadas 5 e 6 j\u00e1 confirmadas, passa-se na Inglaterra do in\u00edcio do s\u00e9culo XIX e retrata as intrigas da alta sociedade londrina, com um toque moderno e inclusivo. A s\u00e9rie gira em torno dos oito irm\u00e3os da poderosa fam\u00edlia Bridgerton.<\/p>\n<p>\t\t<img decoding=\"async\" src=\"https:\/\/www.europesays.com\/pt\/wp-content\/uploads\/2026\/01\/1768501093_190_thumbs.web.sapo.io.webp\"  alt=\"Lan\u00e7amento de \" loading=\"true\"\/><\/p>\n<p>      Lan\u00e7amento de &#8220;Bridgerton&#8221; no Pal\u00e1cio Brongniart<br \/>\n      Cr\u00e9ditos: Kiran RIDLEY \/ AFP<\/p>\n<p>Inspirada em \u201cAn Offer from a Gentleman\u201d, o terceiro livro, a quarta temporada centra-se no segundo filho da fam\u00edlia, o libertino Benedict (Luke Thompson). Num baile de m\u00e1scaras, fica enfeiti\u00e7ado pela misteriosa Sophie Baek, sem saber que, tal como a Cinderela, ela \u00e9, na verdade, uma criada.<\/p>\n<p>A hist\u00f3ria deles promete ser ainda mais complicada, pois a odiosa patroa de Sophie \u2014 e madrasta \u2014 interpretada por Katie Leung, conhecida pelo seu papel como Cho Chang na saga &#8220;Harry Potter&#8221;, pretende casar uma das suas filhas com o filho dos Bridgerton.<\/p>\n<p>&#8220;Diria que \u00e9 uma esp\u00e9cie de hist\u00f3ria da Cinderela, mas com uma reviravolta. Mais uma hist\u00f3ria de amor proibido num contexto de luta de classes&#8221;, explicou Yerin Ha, a atriz australiana-coreana que interpreta Sophie Baek, \u00e0 France-Presse.<\/p>\n<p>Fen\u00f3meno tur\u00edstico<\/p>\n<p>\t\t<img decoding=\"async\" src=\"https:\/\/www.europesays.com\/pt\/wp-content\/uploads\/2026\/01\/1768501094_639_thumbs.web.sapo.io.webp\"  loading=\"true\"\/><\/p>\n<p>      &#8220;Bridgerton&#8221;<br \/>\n      Cr\u00e9ditos: Netflix<\/p>\n<p>Atrav\u00e9s dos seus enredos, a temporada aborda diversos temas, como as rela\u00e7\u00f5es entre nobres e criados, a viola\u00e7\u00e3o, a defici\u00eancia e a vida sexual das mulheres ap\u00f3s a menopausa.<\/p>\n<p>A produtora norte-americana Shonda Rhimes, criadora das s\u00e9ries &#8220;Anatomia de Grey&#8221; e &#8220;Scandal&#8221;, que adaptou &#8220;Bridgerton&#8221;, continua a dar destaque \u00e0s minorias numa altura em que o presidente Donald Trump est\u00e1 a desmantelar programas de diversidade em todos os setores da sociedade norte-americana.<\/p>\n<p>Nos romances, Sophie Baek chama-se Sophie Beckett. Mas o seu nome foi alterado para refletir a heran\u00e7a coreana da atriz que a interpreta, Yerin Ha.<\/p>\n<p>Segundo a Netflix, a s\u00e9rie tem figurado consistentemente desde a sua estreia entre os conte\u00fados mais populares da plataforma, ocupando o Top 10 global durante v\u00e1rias semanas.<\/p>\n<p>Muitos turistas visitam os locais de rodagem em Inglaterra. No final de 2023, ap\u00f3s apenas duas temporadas, &#8220;Bridgerton&#8221; j\u00e1 tinha gerado 5 milh\u00f5es de libras (5,8 milh\u00f5es de euros) para a economia local atrav\u00e9s do turismo.<\/p>\n<p>Nas redes sociais, especialmente no TikTok, a s\u00e9rie tornou-se tamb\u00e9m um fen\u00f3meno, com os utilizadores a praticarem os seus sotaques ingleses para recriar cenas com trajes de \u00e9poca.<\/p>\n<p>A quarta temporada ser\u00e1 lan\u00e7ada em duas partes: os primeiros quatro epis\u00f3dios a 29 de janeiro e os \u00faltimos quatro a 26 de fevereiro.<\/p>\n<p>\u00a0<\/p>\n","protected":false},"excerpt":{"rendered":"A quarta temporada de &#8220;Bridgerton&#8221; foi lan\u00e7ada com grande pompa em Paris na noite de quarta-feira, antes da&hellip;\n","protected":false},"author":2,"featured_media":230334,"comment_status":"","ping_status":"","sticky":false,"template":"","format":"standard","meta":{"footnotes":""},"categories":[142],"tags":[114,115,32,33,151],"class_list":{"0":"post-230333","1":"post","2":"type-post","3":"status-publish","4":"format-standard","5":"has-post-thumbnail","7":"category-tv","8":"tag-entertainment","9":"tag-entretenimento","10":"tag-portugal","11":"tag-pt","12":"tag-tv"},"share_on_mastodon":{"url":"https:\/\/pubeurope.com\/@pt\/115900494931949541","error":""},"_links":{"self":[{"href":"https:\/\/www.europesays.com\/pt\/wp-json\/wp\/v2\/posts\/230333","targetHints":{"allow":["GET"]}}],"collection":[{"href":"https:\/\/www.europesays.com\/pt\/wp-json\/wp\/v2\/posts"}],"about":[{"href":"https:\/\/www.europesays.com\/pt\/wp-json\/wp\/v2\/types\/post"}],"author":[{"embeddable":true,"href":"https:\/\/www.europesays.com\/pt\/wp-json\/wp\/v2\/users\/2"}],"replies":[{"embeddable":true,"href":"https:\/\/www.europesays.com\/pt\/wp-json\/wp\/v2\/comments?post=230333"}],"version-history":[{"count":0,"href":"https:\/\/www.europesays.com\/pt\/wp-json\/wp\/v2\/posts\/230333\/revisions"}],"wp:featuredmedia":[{"embeddable":true,"href":"https:\/\/www.europesays.com\/pt\/wp-json\/wp\/v2\/media\/230334"}],"wp:attachment":[{"href":"https:\/\/www.europesays.com\/pt\/wp-json\/wp\/v2\/media?parent=230333"}],"wp:term":[{"taxonomy":"category","embeddable":true,"href":"https:\/\/www.europesays.com\/pt\/wp-json\/wp\/v2\/categories?post=230333"},{"taxonomy":"post_tag","embeddable":true,"href":"https:\/\/www.europesays.com\/pt\/wp-json\/wp\/v2\/tags?post=230333"}],"curies":[{"name":"wp","href":"https:\/\/api.w.org\/{rel}","templated":true}]}}