{"id":230339,"date":"2026-01-15T18:21:12","date_gmt":"2026-01-15T18:21:12","guid":{"rendered":"https:\/\/www.europesays.com\/pt\/230339\/"},"modified":"2026-01-15T18:21:12","modified_gmt":"2026-01-15T18:21:12","slug":"garantem-que-ha-um-clube-que-pode-fazer-klopp-regressar-aos-bancos","status":"publish","type":"post","link":"https:\/\/www.europesays.com\/pt\/230339\/","title":{"rendered":"Garantem que h\u00e1 um clube que pode fazer Klopp regressar aos bancos"},"content":{"rendered":"<p>Jurgen Klopp desempenha atualmente as fun\u00e7\u00f5es de diretor da Red Bull, mas equacionaria um regresso aos bancos caso recebesse um convite do Real Madrid. Esta \u00e9 uma garantia da Sky Sports, com eco na imprensa espanhola.<\/p>\n<p>Os merengues, recorde-se, despediram recentemente Xabi Alonso. Alberloa, que estava \u00e0 frente da equipa B, foi o substituto e estreou-se com uma estrondosa derrota (3-2) em casa do Albacete, para a Ta\u00e7a do Rei<\/p>\n<p>Klopp, de 58 anos, orientou o Liverpool durante nove temporadas, a \u00faltima delas em 2023\/24. Passou ainda por Dortmund e Mainz na carreira.<\/p>\n<p>De acordo com a mesma informa\u00e7\u00e3o, um eventual convite para orientar a sele\u00e7\u00e3o alem\u00e3 seria tido em conta.<\/p>\n","protected":false},"excerpt":{"rendered":"Jurgen Klopp desempenha atualmente as fun\u00e7\u00f5es de diretor da Red Bull, mas equacionaria um regresso aos bancos caso&hellip;\n","protected":false},"author":2,"featured_media":230340,"comment_status":"","ping_status":"","sticky":false,"template":"","format":"standard","meta":{"footnotes":""},"categories":[87],"tags":[135,32,33,134],"class_list":{"0":"post-230339","1":"post","2":"type-post","3":"status-publish","4":"format-standard","5":"has-post-thumbnail","7":"category-desporto","8":"tag-desporto","9":"tag-portugal","10":"tag-pt","11":"tag-sports"},"share_on_mastodon":{"url":"https:\/\/pubeurope.com\/@pt\/115900507006963406","error":""},"_links":{"self":[{"href":"https:\/\/www.europesays.com\/pt\/wp-json\/wp\/v2\/posts\/230339","targetHints":{"allow":["GET"]}}],"collection":[{"href":"https:\/\/www.europesays.com\/pt\/wp-json\/wp\/v2\/posts"}],"about":[{"href":"https:\/\/www.europesays.com\/pt\/wp-json\/wp\/v2\/types\/post"}],"author":[{"embeddable":true,"href":"https:\/\/www.europesays.com\/pt\/wp-json\/wp\/v2\/users\/2"}],"replies":[{"embeddable":true,"href":"https:\/\/www.europesays.com\/pt\/wp-json\/wp\/v2\/comments?post=230339"}],"version-history":[{"count":0,"href":"https:\/\/www.europesays.com\/pt\/wp-json\/wp\/v2\/posts\/230339\/revisions"}],"wp:featuredmedia":[{"embeddable":true,"href":"https:\/\/www.europesays.com\/pt\/wp-json\/wp\/v2\/media\/230340"}],"wp:attachment":[{"href":"https:\/\/www.europesays.com\/pt\/wp-json\/wp\/v2\/media?parent=230339"}],"wp:term":[{"taxonomy":"category","embeddable":true,"href":"https:\/\/www.europesays.com\/pt\/wp-json\/wp\/v2\/categories?post=230339"},{"taxonomy":"post_tag","embeddable":true,"href":"https:\/\/www.europesays.com\/pt\/wp-json\/wp\/v2\/tags?post=230339"}],"curies":[{"name":"wp","href":"https:\/\/api.w.org\/{rel}","templated":true}]}}