{"id":230343,"date":"2026-01-15T18:23:11","date_gmt":"2026-01-15T18:23:11","guid":{"rendered":"https:\/\/www.europesays.com\/pt\/230343\/"},"modified":"2026-01-15T18:23:11","modified_gmt":"2026-01-15T18:23:11","slug":"afinal-marcelo-palma-nao-foi-o-unico-a-suportar-os-custos-do-funeral-fui-informado-que","status":"publish","type":"post","link":"https:\/\/www.europesays.com\/pt\/230343\/","title":{"rendered":"Afinal, Marcelo Palma n\u00e3o foi o \u00fanico a suportar os custos do funeral: \u201cFui informado que\u2026\u201d"},"content":{"rendered":"<p>O \u00faltimo adeus a <strong>Maycon Douglas<\/strong> realizou-se no passado domingo, 11 de janeiro, no cremat\u00f3rio em Leiria. Sabe-se que a fam\u00edlia n\u00e3o teve de suportar os custos das cerim\u00f3nias f\u00fanebres, visto que ficaram a cargo de <strong>Marcelo Palma<\/strong>, amigo do DJ e agente funer\u00e1rio.<\/p>\n<blockquote>\n<p>Leia mais: <a href=\"https:\/\/sapo.pt\/artigo\/ex-inspetor-da-pj-revela-o-motivo-pelo-qual-o-corpo-nao-foi-encontrado-no-carro-69601cacab728f90f0cb1c79\" rel=\"nofollow noopener\" target=\"_blank\">Maycon Douglas \u2013 Ex-inspetor da PJ revela o motivo pelo qual o corpo n\u00e3o foi encontrado no carro<\/a><\/p>\n<\/blockquote>\n<p>Marcelo assumiu a organiza\u00e7\u00e3o do funeral, suportando assim os respetivos encargos financeiros.\u00a0 Mas foi revelado recentemente que n\u00e3o foi o \u00fanico! No programa \u2018V+ Fama\u2019, transmitido no V+ TVI, desta quarta-feira, 14, Adriano Silva Martins fez a revela\u00e7\u00e3o: \u201c<strong>Ontem fal\u00e1mos aqui no Maycon e <\/strong>eu at\u00e9 avancei que o Marcelo Palma tinha oferecido este funeral e \u00e9 verdade que ele, sim, ofereceu-se para fazer frente a todos estes custos\u201d.<\/p>\n<p>\u201cTemos que ser justos\u2026\u201d<\/p>\n<p>E acrescentou: \u201c<strong>Eu fui informado que <\/strong>a\u00a0team\u00a0do Maycon fez quest\u00e3o de contribuir para o funeral do Maycon e como temos que ser justos com todas as pessoas que querem proteger esta fam\u00edlia, que querem ajudar a m\u00e3e do Maycon e que estiveram ao lado dela, o Marcelo, com certeza, deu o seu contributo, a\u00a0team\u00a0do Maycon tamb\u00e9m deu o seu contributo e<strong> obviamente merecem aqui o nosso reconhecimento<\/strong>\u201c.<\/p>\n<p>Note-se que esta team \u00e9\u00a0um grupo organizado de f\u00e3s que angaria fundos para apoiar um concorrente, seja durante a sua participa\u00e7\u00e3o num reality show ou, como neste caso, fora dele.<\/p>\n<p>Texto: Maria Constan\u00e7a Castanheira; Fotos: Redes Sociais<\/p>\n","protected":false},"excerpt":{"rendered":"O \u00faltimo adeus a Maycon Douglas realizou-se no passado domingo, 11 de janeiro, no cremat\u00f3rio em Leiria. Sabe-se&hellip;\n","protected":false},"author":2,"featured_media":230344,"comment_status":"","ping_status":"","sticky":false,"template":"","format":"standard","meta":{"footnotes":""},"categories":[85],"tags":[114,115,32,33],"class_list":{"0":"post-230343","1":"post","2":"type-post","3":"status-publish","4":"format-standard","5":"has-post-thumbnail","7":"category-entretenimento","8":"tag-entertainment","9":"tag-entretenimento","10":"tag-portugal","11":"tag-pt"},"share_on_mastodon":{"url":"https:\/\/pubeurope.com\/@pt\/115900514454587281","error":""},"_links":{"self":[{"href":"https:\/\/www.europesays.com\/pt\/wp-json\/wp\/v2\/posts\/230343","targetHints":{"allow":["GET"]}}],"collection":[{"href":"https:\/\/www.europesays.com\/pt\/wp-json\/wp\/v2\/posts"}],"about":[{"href":"https:\/\/www.europesays.com\/pt\/wp-json\/wp\/v2\/types\/post"}],"author":[{"embeddable":true,"href":"https:\/\/www.europesays.com\/pt\/wp-json\/wp\/v2\/users\/2"}],"replies":[{"embeddable":true,"href":"https:\/\/www.europesays.com\/pt\/wp-json\/wp\/v2\/comments?post=230343"}],"version-history":[{"count":0,"href":"https:\/\/www.europesays.com\/pt\/wp-json\/wp\/v2\/posts\/230343\/revisions"}],"wp:featuredmedia":[{"embeddable":true,"href":"https:\/\/www.europesays.com\/pt\/wp-json\/wp\/v2\/media\/230344"}],"wp:attachment":[{"href":"https:\/\/www.europesays.com\/pt\/wp-json\/wp\/v2\/media?parent=230343"}],"wp:term":[{"taxonomy":"category","embeddable":true,"href":"https:\/\/www.europesays.com\/pt\/wp-json\/wp\/v2\/categories?post=230343"},{"taxonomy":"post_tag","embeddable":true,"href":"https:\/\/www.europesays.com\/pt\/wp-json\/wp\/v2\/tags?post=230343"}],"curies":[{"name":"wp","href":"https:\/\/api.w.org\/{rel}","templated":true}]}}