{"id":230349,"date":"2026-01-15T18:27:08","date_gmt":"2026-01-15T18:27:08","guid":{"rendered":"https:\/\/www.europesays.com\/pt\/230349\/"},"modified":"2026-01-15T18:27:08","modified_gmt":"2026-01-15T18:27:08","slug":"jovem-de-15-anos-agredido-ao-tentar-ajudar-mulher-em-perigo-no-cais-do-sodre","status":"publish","type":"post","link":"https:\/\/www.europesays.com\/pt\/230349\/","title":{"rendered":"Jovem de 15 anos agredido ao tentar ajudar mulher em perigo no Cais do Sodr\u00e9"},"content":{"rendered":"<p data-remotead-prev-elm=\"true\" data-remotead-elm-id=\"inread\">A deten\u00e7\u00e3o, divulgada esta quinta-feira, ocorreu no dia 9 de janeiro na esta\u00e7\u00e3o ferrovi\u00e1ria do Cais do Sodr\u00e9, onde o homem se encontrava a amea\u00e7ar a ex-companheira com uma faca. O menor, que se encontrava a passar, tentou auxiliar a v\u00edtima, acabando agredido pelo suspeito e igualmente amea\u00e7ado com a arma branca.<\/p>\n<p>Recorreu, de imediato, aos pol\u00edcias que se encontravam de patrulhamento naquele local, o que possibilitou a deten\u00e7\u00e3o do suspeito em flagrante delito.<\/p>\n<p>O detido recolheu \u00e0s salas de deten\u00e7\u00e3o da PSP e, ap\u00f3s ser presente \u00e0 Autoridade Judici\u00e1ria, ficou com termo de identidade e resid\u00eancia.<\/p>\n","protected":false},"excerpt":{"rendered":"A deten\u00e7\u00e3o, divulgada esta quinta-feira, ocorreu no dia 9 de janeiro na esta\u00e7\u00e3o ferrovi\u00e1ria do Cais do Sodr\u00e9,&hellip;\n","protected":false},"author":2,"featured_media":230350,"comment_status":"","ping_status":"","sticky":false,"template":"","format":"standard","meta":{"footnotes":""},"categories":[10],"tags":[27,28,14842,17765,15,16,14,603,25,26,21,22,12,13,19,20,32,23,24,1306,33,17,18,29,30,31,3218],"class_list":{"0":"post-230349","1":"post","2":"type-post","3":"status-publish","4":"format-standard","5":"has-post-thumbnail","7":"category-portugal","8":"tag-breaking-news","9":"tag-breakingnews","10":"tag-cais-do-sodre","11":"tag-faca","12":"tag-featured-news","13":"tag-featurednews","14":"tag-headlines","15":"tag-justica","16":"tag-latest-news","17":"tag-latestnews","18":"tag-main-news","19":"tag-mainnews","20":"tag-news","21":"tag-noticias","22":"tag-noticias-principais","23":"tag-noticiasprincipais","24":"tag-portugal","25":"tag-principais-noticias","26":"tag-principaisnoticias","27":"tag-psp","28":"tag-pt","29":"tag-top-stories","30":"tag-topstories","31":"tag-ultimas","32":"tag-ultimas-noticias","33":"tag-ultimasnoticias","34":"tag-violencia-domestica"},"share_on_mastodon":{"url":"https:\/\/pubeurope.com\/@pt\/115900530329818299","error":""},"_links":{"self":[{"href":"https:\/\/www.europesays.com\/pt\/wp-json\/wp\/v2\/posts\/230349","targetHints":{"allow":["GET"]}}],"collection":[{"href":"https:\/\/www.europesays.com\/pt\/wp-json\/wp\/v2\/posts"}],"about":[{"href":"https:\/\/www.europesays.com\/pt\/wp-json\/wp\/v2\/types\/post"}],"author":[{"embeddable":true,"href":"https:\/\/www.europesays.com\/pt\/wp-json\/wp\/v2\/users\/2"}],"replies":[{"embeddable":true,"href":"https:\/\/www.europesays.com\/pt\/wp-json\/wp\/v2\/comments?post=230349"}],"version-history":[{"count":0,"href":"https:\/\/www.europesays.com\/pt\/wp-json\/wp\/v2\/posts\/230349\/revisions"}],"wp:featuredmedia":[{"embeddable":true,"href":"https:\/\/www.europesays.com\/pt\/wp-json\/wp\/v2\/media\/230350"}],"wp:attachment":[{"href":"https:\/\/www.europesays.com\/pt\/wp-json\/wp\/v2\/media?parent=230349"}],"wp:term":[{"taxonomy":"category","embeddable":true,"href":"https:\/\/www.europesays.com\/pt\/wp-json\/wp\/v2\/categories?post=230349"},{"taxonomy":"post_tag","embeddable":true,"href":"https:\/\/www.europesays.com\/pt\/wp-json\/wp\/v2\/tags?post=230349"}],"curies":[{"name":"wp","href":"https:\/\/api.w.org\/{rel}","templated":true}]}}