{"id":230357,"date":"2026-01-15T18:33:24","date_gmt":"2026-01-15T18:33:24","guid":{"rendered":"https:\/\/www.europesays.com\/pt\/230357\/"},"modified":"2026-01-15T18:33:24","modified_gmt":"2026-01-15T18:33:24","slug":"horoscopo-do-dia-previsao-para-os-12-signos-em-15-01-2026","status":"publish","type":"post","link":"https:\/\/www.europesays.com\/pt\/230357\/","title":{"rendered":"Hor\u00f3scopo do dia: previs\u00e3o para os 12 signos em 15\/01\/2026"},"content":{"rendered":"<p>                    Os astros estimular\u00e3o mudan\u00e7as internas e externas para os nativos <img decoding=\"async\" src=\"https:\/\/www.europesays.com\/pt\/wp-content\/uploads\/2026\/01\/horoscopo-do-dia-previsao-para-os-12-signos-em-15-01-2026.jpg\" class=\"img-responsive type:primaryImage\" alt=\"Os astros estimular\u00e3o mudan\u00e7as internas e externas para os nativos \"\/>Imagem: Budnichenko Oksana | Shutterstock<\/p>\n<p>Nesta quinta-feira, o c\u00e9u estimular\u00e1 mudan\u00e7as internas e externas, influenciando cada nativo de modo particular. Enquanto alguns ter\u00e3o mais energia para ampliar horizontes e testar novas ideias, outros sentir\u00e3o a necessidade de reorganizar prioridades, cuidar das emo\u00e7\u00f5es ou ajustar expectativas. Esses movimentos poder\u00e3o gerar oportunidades de crescimento pessoal, mas tamb\u00e9m desafios que exigir\u00e3o equil\u00edbrio e disciplina. A seguir, confira as previs\u00f5es do hor\u00f3scopo para o seu signo e descubra o que os astros reservam para voc\u00ea!<\/p>\n<p><strong>\u00c1ries<\/strong><br \/>\nA autoconfian\u00e7a do ariano estar\u00e1 elevada <img decoding=\"async\" src=\"https:\/\/www.europesays.com\/pt\/wp-content\/uploads\/2026\/01\/aries-6-1024x683.jpg\" class=\"img-responsive type:primaryImage\"\/>Imagem: Katyau | Shutterstock<\/p>\n<p>Voc\u00ea sentir\u00e1 a necessidade de expandir os horizontes e<strong> buscar conhecimentos<\/strong> que tragam mais sentido \u00e0 vida. Essa influ\u00eancia tender\u00e1 a favorecer movimentos que ampliem a sua vis\u00e3o de mundo. Para melhorar, a autoconfian\u00e7a estar\u00e1 elevada, permitindo decis\u00f5es corajosas. Apenas tome cuidado com os exageros.<\/p>\n<p><strong>Touro<\/strong><br \/>\nSer\u00e1 um dia importante para o taurino superar crises antigas <img decoding=\"async\" src=\"https:\/\/www.europesays.com\/pt\/wp-content\/uploads\/2026\/01\/touro-7-1024x683.jpg\" class=\"img-responsive type:primaryImage\"\/>Imagem: Katyau | Shutterstock<\/p>\n<p>Haver\u00e1 a oportunidade de realizar uma transforma\u00e7\u00e3o emocional e organizar as finan\u00e7as compartilhadas com maior clareza. Ser\u00e1 um dia importante para superar crises antigas por meio do desapego e de uma compreens\u00e3o mais ampla sobre os pr\u00f3prios desejos. No processo, confie na sua intui\u00e7\u00e3o para lidar com o setor financeiro e com as emo\u00e7\u00f5es.<\/p>\n<p><strong>G\u00eameos<\/strong><br \/>\nO dia favorecer\u00e1 o di\u00e1logo aberto e a troca de experi\u00eancias do geminiano <img decoding=\"async\" src=\"https:\/\/www.europesays.com\/pt\/wp-content\/uploads\/2026\/01\/gemeos-8-1024x683.jpg\" class=\"img-responsive type:primaryImage\"\/>Imagem: Katyau | Shutterstock<\/p>\n<p>Nesta quinta-feira, voc\u00ea buscar\u00e1 liberdade e novos significados nas <strong>rela\u00e7\u00f5es pessoais <\/strong>e profissionais. O dia favorecer\u00e1 o di\u00e1logo aberto e a troca de experi\u00eancias, permitindo enxergar as necessidades do outro com mais otimismo. No processo, procure equilibrar a sua individualidade com a vida a dois.<\/p>\n<p><strong>C\u00e2ncer<\/strong><br \/>\nO dia ser\u00e1 prop\u00edcio para o canceriano implementar h\u00e1bitos que tragam movimento ao cotidiano <img decoding=\"async\" src=\"https:\/\/www.europesays.com\/pt\/wp-content\/uploads\/2026\/01\/cancer-8-1024x683.jpg\" class=\"img-responsive type:primaryImage\"\/>Imagem: Katyau | Shutterstock<\/p>\n<p>Haver\u00e1 bastante disposi\u00e7\u00e3o para organizar a rotina de trabalho e cuidar da sa\u00fade com otimismo e liberdade. A quinta-feira ser\u00e1 prop\u00edcia para implementar h\u00e1bitos que tragam movimento ao cotidiano e uma vis\u00e3o mais ampla das tarefas. Apenas busque equilibrar bem-estar f\u00edsico com produtividade.<\/p>\n<p><strong>Le\u00e3o<\/strong><br \/>\nO leonino dever\u00e1 aproveitar o dia para fortalecer a autoconfian\u00e7a <img decoding=\"async\" src=\"https:\/\/www.europesays.com\/pt\/wp-content\/uploads\/2026\/01\/leao-8-1024x683.jpg\" class=\"img-responsive type:primaryImage\"\/>Imagem: Katyau | Shutterstock<\/p>\n<p>Voc\u00ea desejar\u00e1 <strong>expressar a sua criatividade<\/strong> e buscar prazer em atividades que tragam alegria. Aproveite o dia para fortalecer a autoconfian\u00e7a, dedicar-se a projetos individuais ou passar momentos divertidos com quem ama. Al\u00e9m disso, permita que a espontaneidade guie suas decis\u00f5es e fortale\u00e7a o brilho pessoal.<\/p>\n<p><strong>Virgem<\/strong><br \/>\nSer\u00e1 um bom dia para o virginiano organizar o lar com um olhar mais expansivo <img decoding=\"async\" src=\"https:\/\/www.europesays.com\/pt\/wp-content\/uploads\/2026\/01\/virgem-7-1024x683.jpg\" class=\"img-responsive type:primaryImage\"\/>Imagem: Katyau | Shutterstock<\/p>\n<p>Ao longo desta quinta-feira, voc\u00ea sentir\u00e1 a necessidade de trazer mais movimento e renova\u00e7\u00e3o para o ambiente dom\u00e9stico e para as rela\u00e7\u00f5es familiares. Ser\u00e1 um bom dia para organizar o lar com um olhar mais expansivo, resolvendo quest\u00f5es do passado com otimismo e liberdade. Ao mesmo tempo, procure criar um espa\u00e7o de acolhimento que estimule o crescimento emocional.<\/p>\n<p><strong>Libra<\/strong><br \/>\nO libriano dever\u00e1 priorizar o sil\u00eancio para organizar melhor as ideias <img decoding=\"async\" src=\"https:\/\/www.europesays.com\/pt\/wp-content\/uploads\/2026\/01\/libra-8-1024x683.jpg\" class=\"img-responsive type:primaryImage\"\/>Imagem: Katyau | Shutterstock<\/p>\n<p>Mantenha a calma diante de cobran\u00e7as ou atrasos que surgirem na rotina, na comunica\u00e7\u00e3o ou nos estudos. Tamb\u00e9m dever\u00e1 evitar <strong>agir com impulsividade<\/strong> ao expressar o que sente. Pelo contr\u00e1rio, prefira o sil\u00eancio para organizar melhor as ideias e responsabilidades. Por fim, tenha paci\u00eancia com os imprevistos no ambiente dom\u00e9stico.<\/p>\n<p><strong>Escorpi\u00e3o<\/strong><br \/>\nO dia pedir\u00e1 que o escorpiano organize as finan\u00e7as com cautela <img decoding=\"async\" src=\"https:\/\/www.europesays.com\/pt\/wp-content\/uploads\/2026\/01\/escorpiao-8-1024x683.jpg\" class=\"img-responsive type:primaryImage\"\/>Imagem: Katyau | Shutterstock<\/p>\n<p>A quinta-feira pedir\u00e1 que organize as finan\u00e7as com cautela, evitando gastos impulsivos ou decis\u00f5es precipitadas. Ademais, procure ter paci\u00eancia diante de poss\u00edveis atrasos nos ganhos e use o momento para revisar seus valores e priorizar o essencial. Lembre-se: a seguran\u00e7a financeira vir\u00e1 por meio da responsabilidade e da disciplina.<\/p>\n<p><strong>Sagit\u00e1rio<\/strong><br \/>\nO sagitariano buscar\u00e1 mais equil\u00edbrio entre as vontades pessoais e as responsabilidades coletivas <img decoding=\"async\" src=\"https:\/\/www.europesays.com\/pt\/wp-content\/uploads\/2026\/01\/sagitario-3-1024x683.jpg\" class=\"img-responsive type:primaryImage\"\/>Imagem: Katyau | Shutterstock<\/p>\n<p>Voc\u00ea buscar\u00e1 o equil\u00edbrio entre as vontades pessoais e as responsabilidades coletivas. No processo, mantenha os p\u00e9s no ch\u00e3o e evite que expectativas irreais ou confus\u00f5es emocionais comprometam a clareza e o bem-estar f\u00edsico. Tamb\u00e9m ser\u00e1 importante encarar a realidade com disciplina a fim de <strong>superar inseguran\u00e7as<\/strong> e fortalecer a autoconfian\u00e7a.<\/p>\n<p><strong>Capric\u00f3rnio<\/strong><br \/>\nO capricorniano dever\u00e1 dedicar mais aten\u00e7\u00e3o a atividades pr\u00e1ticas que lhe tragam seguran\u00e7a <img decoding=\"async\" src=\"https:\/\/www.europesays.com\/pt\/wp-content\/uploads\/2026\/01\/capricornio-7-1024x683.jpg\" class=\"img-responsive type:primaryImage\"\/>Imagem: Katyau | Shutterstock<\/p>\n<p>Ser\u00e1 importante agir com cautela ao lidar com a sua imagem e desejos pessoais. Para isso, estabele\u00e7a limites claros para n\u00e3o se sobrecarregar com responsabilidades alheias ou se perder em expectativas exageradas. Ademais, procure se dedicar a atividades pr\u00e1ticas que tragam seguran\u00e7a.<\/p>\n<p><strong>Aqu\u00e1rio<\/strong><br \/>\nA troca de experi\u00eancias trar\u00e1 ao aquariano novas perspectivas para os planos <img decoding=\"async\" src=\"https:\/\/www.europesays.com\/pt\/wp-content\/uploads\/2026\/01\/aquario-1-4-1024x683.jpg\" class=\"img-responsive type:primaryImage\"\/>Imagem: Katyau | Shutterstock<\/p>\n<p>Voc\u00ea sentir\u00e1 vontade de fortalecer os <strong>la\u00e7os sociais <\/strong>e colaborar com projetos coletivos alinhados aos seus ideais. Ao longo do dia, cultive o esp\u00edrito de equipe, pois a troca de experi\u00eancias trar\u00e1 novas perspectivas para os planos. Al\u00e9m disso, o apoio de amigos poder\u00e1 trazer a motiva\u00e7\u00e3o necess\u00e1ria para agir.<\/p>\n<p><strong>Peixes <\/strong><br \/>\nO pisciano dever\u00e1 canalizar e usar a energia para os objetivos profissionais concretos <img decoding=\"async\" src=\"https:\/\/www.europesays.com\/pt\/wp-content\/uploads\/2026\/01\/peixes-1-1-1024x683.jpg\" class=\"img-responsive type:primaryImage\"\/>Imagem: Katyau | Shutterstock<\/p>\n<p>Voc\u00ea se envolver\u00e1 bastante com a carreira. Inclusive, ser\u00e1 um bom dia para assumir responsabilidades e demonstrar compet\u00eancia perante figuras de autoridade. Para aproveitar as oportunidades desta quinta-feira, canalize e use a sua energia para os objetivos profissionais concretos e mantenha clareza sobre as suas ambi\u00e7\u00f5es.<\/p>\n","protected":false},"excerpt":{"rendered":"Os astros estimular\u00e3o mudan\u00e7as internas e externas para os nativos Imagem: Budnichenko Oksana | Shutterstock Nesta quinta-feira, o&hellip;\n","protected":false},"author":2,"featured_media":230358,"comment_status":"","ping_status":"","sticky":false,"template":"","format":"standard","meta":{"footnotes":""},"categories":[141],"tags":[114,115,149,150,32,33],"class_list":{"0":"post-230357","1":"post","2":"type-post","3":"status-publish","4":"format-standard","5":"has-post-thumbnail","7":"category-musica","8":"tag-entertainment","9":"tag-entretenimento","10":"tag-music","11":"tag-musica","12":"tag-portugal","13":"tag-pt"},"share_on_mastodon":{"url":"https:\/\/pubeurope.com\/@pt\/115900554109096958","error":""},"_links":{"self":[{"href":"https:\/\/www.europesays.com\/pt\/wp-json\/wp\/v2\/posts\/230357","targetHints":{"allow":["GET"]}}],"collection":[{"href":"https:\/\/www.europesays.com\/pt\/wp-json\/wp\/v2\/posts"}],"about":[{"href":"https:\/\/www.europesays.com\/pt\/wp-json\/wp\/v2\/types\/post"}],"author":[{"embeddable":true,"href":"https:\/\/www.europesays.com\/pt\/wp-json\/wp\/v2\/users\/2"}],"replies":[{"embeddable":true,"href":"https:\/\/www.europesays.com\/pt\/wp-json\/wp\/v2\/comments?post=230357"}],"version-history":[{"count":0,"href":"https:\/\/www.europesays.com\/pt\/wp-json\/wp\/v2\/posts\/230357\/revisions"}],"wp:featuredmedia":[{"embeddable":true,"href":"https:\/\/www.europesays.com\/pt\/wp-json\/wp\/v2\/media\/230358"}],"wp:attachment":[{"href":"https:\/\/www.europesays.com\/pt\/wp-json\/wp\/v2\/media?parent=230357"}],"wp:term":[{"taxonomy":"category","embeddable":true,"href":"https:\/\/www.europesays.com\/pt\/wp-json\/wp\/v2\/categories?post=230357"},{"taxonomy":"post_tag","embeddable":true,"href":"https:\/\/www.europesays.com\/pt\/wp-json\/wp\/v2\/tags?post=230357"}],"curies":[{"name":"wp","href":"https:\/\/api.w.org\/{rel}","templated":true}]}}