{"id":230364,"date":"2026-01-15T18:39:31","date_gmt":"2026-01-15T18:39:31","guid":{"rendered":"https:\/\/www.europesays.com\/pt\/230364\/"},"modified":"2026-01-15T18:39:31","modified_gmt":"2026-01-15T18:39:31","slug":"influencer-mostra-produtos-que-sao-muito-mais-baratos-na-normal-do-que-no-supermercado-noticias-de-hoje","status":"publish","type":"post","link":"https:\/\/www.europesays.com\/pt\/230364\/","title":{"rendered":"Influencer mostra produtos que s\u00e3o muito mais baratos na Normal do que no supermercado &#8211; Not\u00edcias de hoje"},"content":{"rendered":"<p>Nos \u00faltimos tempos, os pre\u00e7os nos supermercados t\u00eam vindo a aumentar significativamente, tornando cada ida \u00e0s compras numa verdadeira dor de cabe\u00e7a para todos. Mas a verdade \u00e9 que existe uma alternativa mais barata numa loja que est\u00e1 a ganhar uma grande popularidade.<\/p>\n<p>Foi exatamente isso que a criadora de conte\u00fados\u00a0<a href=\"https:\/\/www.instagram.com\/thaislealw\/reels\/\" target=\"_blank\" rel=\"nofollow noopener\">Tha\u00eds Leal<\/a>, que conta com mais de 158 mil seguidores no Instagram\u00a0revelou as diferen\u00e7as de pre\u00e7os entre a loja\u00a0Normal\u00a0e os os supermercados tradicionais.<\/p>\n<p>A\u00a0Normal, uma loja que tem vindo a ganhar popularidade em Portugal, destaca-se por oferecer uma grande variedade de produtos de marcas conhecidas a pre\u00e7os muito mais acess\u00edveis. Desde artigos de higiene e beleza a snacks, chocolates e bebidas, a loja tornou-se uma alternativa atrativa para quem quer poupar sem abdicar das suas marcas favoritas.<\/p>\n<p>Al\u00e9m disso, muitos consumidores revelam que encontram na\u00a0Normal\u00a0produtos que nem sempre est\u00e3o dispon\u00edveis nos supermercados tradicionais, tornando a experi\u00eancia de compra ainda mais vantajosa.<\/p>\n<blockquote class=\"instagram-media\" data-instgrm-captioned=\"\" data-instgrm-permalink=\"https:\/\/www.instagram.com\/reel\/DPmdR9UjPon\/?utm_source=ig_embed&amp;utm_campaign=loading\" data-instgrm-version=\"14\" style=\" background:#FFF; border:0; border-radius:3px; box-shadow:0 0 1px 0 rgba(0,0,0,0.5),0 1px 10px 0 rgba(0,0,0,0.15); margin: 1px; max-width:540px; min-width:326px; padding:0; width:99.375%; width:-webkit-calc(100% - 2px); width:calc(100% - 2px);\">\n<\/blockquote>\n<p>                        <script async src=\"\/\/www.instagram.com\/embed.js\"><\/script><\/p>\n","protected":false},"excerpt":{"rendered":"Nos \u00faltimos tempos, os pre\u00e7os nos supermercados t\u00eam vindo a aumentar significativamente, tornando cada ida \u00e0s compras numa&hellip;\n","protected":false},"author":2,"featured_media":230365,"comment_status":"","ping_status":"","sticky":false,"template":"","format":"standard","meta":{"footnotes":""},"categories":[83],"tags":[88,2644,89,90,488,20771,13,32,33],"class_list":{"0":"post-230364","1":"post","2":"type-post","3":"status-publish","4":"format-standard","5":"has-post-thumbnail","7":"category-empresas","8":"tag-business","9":"tag-dicas","10":"tag-economy","11":"tag-empresas","12":"tag-iol","13":"tag-normal","14":"tag-noticias","15":"tag-portugal","16":"tag-pt"},"share_on_mastodon":{"url":"https:\/\/pubeurope.com\/@pt\/115900577473029421","error":""},"_links":{"self":[{"href":"https:\/\/www.europesays.com\/pt\/wp-json\/wp\/v2\/posts\/230364","targetHints":{"allow":["GET"]}}],"collection":[{"href":"https:\/\/www.europesays.com\/pt\/wp-json\/wp\/v2\/posts"}],"about":[{"href":"https:\/\/www.europesays.com\/pt\/wp-json\/wp\/v2\/types\/post"}],"author":[{"embeddable":true,"href":"https:\/\/www.europesays.com\/pt\/wp-json\/wp\/v2\/users\/2"}],"replies":[{"embeddable":true,"href":"https:\/\/www.europesays.com\/pt\/wp-json\/wp\/v2\/comments?post=230364"}],"version-history":[{"count":0,"href":"https:\/\/www.europesays.com\/pt\/wp-json\/wp\/v2\/posts\/230364\/revisions"}],"wp:featuredmedia":[{"embeddable":true,"href":"https:\/\/www.europesays.com\/pt\/wp-json\/wp\/v2\/media\/230365"}],"wp:attachment":[{"href":"https:\/\/www.europesays.com\/pt\/wp-json\/wp\/v2\/media?parent=230364"}],"wp:term":[{"taxonomy":"category","embeddable":true,"href":"https:\/\/www.europesays.com\/pt\/wp-json\/wp\/v2\/categories?post=230364"},{"taxonomy":"post_tag","embeddable":true,"href":"https:\/\/www.europesays.com\/pt\/wp-json\/wp\/v2\/tags?post=230364"}],"curies":[{"name":"wp","href":"https:\/\/api.w.org\/{rel}","templated":true}]}}