{"id":230386,"date":"2026-01-15T18:56:09","date_gmt":"2026-01-15T18:56:09","guid":{"rendered":"https:\/\/www.europesays.com\/pt\/230386\/"},"modified":"2026-01-15T18:56:09","modified_gmt":"2026-01-15T18:56:09","slug":"lembra-se-da-ultima-final-da-taca-de-portugal-sem-duas-equipas-da-i-liga","status":"publish","type":"post","link":"https:\/\/www.europesays.com\/pt\/230386\/","title":{"rendered":"Lembra-se da \u00faltima final da Ta\u00e7a de Portugal sem duas equipas da I Liga?"},"content":{"rendered":"<p>Realizou-se, esta quinta-feira, o sorteio das meias-finais da Ta\u00e7a de Portugal e h\u00e1 uma certeza. N\u00e3o estar\u00e3o duas equipas do primeiro escal\u00e3o na final do Jamor. \u00a0<\/p>\n<p>Os tomba-gigantes <a target=\"_blank\" class=\"editor-link autolink-enabled\" href=\"https:\/\/www.abola.pt\/futebol\/torreense-4771\" data-resource-id=\"4771\" data-resource-type=\"team\" data-sport=\"football\" rel=\"nofollow noopener\">Torreense<\/a> (<a target=\"_blank\" class=\"editor-link autolink-enabled\" href=\"https:\/\/www.abola.pt\/futebol\/competicao\/liga-portugal-2-meu-super-111\" data-resource-id=\"111\" data-resource-type=\"competition\" data-sport=\"football\" rel=\"nofollow noopener\">Liga 2<\/a>) e <a target=\"_blank\" class=\"editor-link autolink-enabled\" href=\"https:\/\/www.abola.pt\/futebol\/fafe-4770\" data-resource-id=\"4770\" data-resource-type=\"team\" data-sport=\"football\" rel=\"nofollow noopener\">Fafe<\/a> (<a target=\"_blank\" class=\"editor-link autolink-enabled\" href=\"https:\/\/www.abola.pt\/futebol\/competicao\/liga-3-368\" data-resource-id=\"368\" data-resource-type=\"competition\" data-sport=\"football\" rel=\"nofollow noopener\">Liga 3<\/a>) v\u00e3o defrontar-se nas meias-finais e um deles vai chegar \u00e0 final. Na outra meia-final, o <a target=\"_blank\" class=\"editor-link autolink-enabled\" href=\"https:\/\/www.abola.pt\/futebol\/fc-porto-451\" data-resource-id=\"451\" data-resource-type=\"team\" data-sport=\"football\" rel=\"nofollow noopener\">FC Porto<\/a>, que afastou o <a target=\"_blank\" class=\"editor-link autolink-enabled\" href=\"https:\/\/www.abola.pt\/futebol\/benfica-450\" data-resource-id=\"450\" data-resource-type=\"team\" data-sport=\"football\" rel=\"nofollow noopener\">Benfica<\/a> nos quartos, vai ter pela frente <a target=\"_blank\" class=\"editor-link autolink-enabled\" href=\"https:\/\/www.abola.pt\/futebol\/sporting-448\" data-resource-id=\"448\" data-resource-type=\"team\" data-sport=\"football\" rel=\"nofollow noopener\">Sporting<\/a> ou <a target=\"_blank\" class=\"editor-link autolink-enabled\" href=\"https:\/\/www.abola.pt\/futebol\/aves-sad-5657\" data-resource-id=\"5657\" data-resource-type=\"team\" data-sport=\"football\" rel=\"nofollow noopener\">Aves SAD<\/a>.\u00a0Mas, voltando \u00e0 quest\u00e3o central, lembra-se quando foi a \u00faltima vez que a final da <a target=\"_blank\" class=\"editor-link autolink-enabled\" href=\"https:\/\/www.abola.pt\/futebol\/competicao\/taca-de-portugal-112\" data-resource-id=\"112\" data-resource-type=\"competition\" data-sport=\"football\" rel=\"nofollow noopener\">Ta\u00e7a de Portugal<\/a> n\u00e3o teve duas equipas do primeiro escal\u00e3o. <strong>A BOLA<\/strong> d\u00e1 uma ajuda. \u00a0<\/p>\n<p>\u00c9 preciso recuar at\u00e9 16 de maio de 2010. Numa final apitada por Pedro Proen\u00e7a, o <a class=\"autolink-enabled\" data-resource-id=\"451\" data-resource-type=\"team\" data-sport=\"football\" href=\"https:\/\/www.abola.pt\/futebol\/fc-porto-451\" rel=\"nofollow noopener\" target=\"_blank\">FC Porto<\/a> derrotou o <a class=\"autolink-enabled\" data-resource-id=\"469\" data-resource-type=\"team\" data-sport=\"football\" href=\"https:\/\/www.abola.pt\/futebol\/chaves-469\" rel=\"nofollow noopener\" target=\"_blank\">Chaves<\/a>, na altura no segundo escal\u00e3o, por 2-1. A turma flaviense era orientada por Manuel Tulipa. O <a class=\"autolink-enabled\" data-resource-id=\"451\" data-resource-type=\"team\" data-sport=\"football\" href=\"https:\/\/www.abola.pt\/futebol\/fc-porto-451\" rel=\"nofollow noopener\" target=\"_blank\">FC Porto<\/a> era orientado por Jesualdo Ferreira e contava com nomes como Helton, Bruno Alves, Ra\u00fal Meireles, Hulk e Falc\u00e3o.\u00a0<\/p>\n<p>            <img decoding=\"async\" src=\"https:\/\/www.europesays.com\/pt\/wp-content\/uploads\/2026\/01\/4c7a9622-7462-4013-9f91-be8f3235d606.jpg\" alt=\"FC Porto venceu o Chaves, em maio de 2010, na final da Ta\u00e7a de Portugal - Foto: A BOLA\" width=\"620\" class=\"w-full object-cover\"\/><\/p>\n<p>                    FC Porto venceu o Chaves, em maio de 2010, na final da Ta\u00e7a de Portugal &#8211; Foto: A BOLA<\/p>\n<p>Fredy Guar\u00edn e Falcao marcaram para o <a class=\"autolink-enabled\" data-resource-id=\"451\" data-resource-type=\"team\" data-sport=\"football\" href=\"https:\/\/www.abola.pt\/futebol\/fc-porto-451\" rel=\"nofollow noopener\" target=\"_blank\">FC Porto<\/a>, enquanto Paulo Clemente saltou do banco para reduzir para o <a class=\"autolink-enabled\" data-resource-id=\"469\" data-resource-type=\"team\" data-sport=\"football\" href=\"https:\/\/www.abola.pt\/futebol\/chaves-469\" rel=\"nofollow noopener\" target=\"_blank\">Chaves<\/a>, que, refira-se, terminou a II Liga em zona de despromo\u00e7\u00e3o e caiu para o terceiro escal\u00e3o.\u00a0<\/p>\n<p>Para chegar \u00e0 final, o <a class=\"autolink-enabled\" data-resource-id=\"469\" data-resource-type=\"team\" data-sport=\"football\" href=\"https:\/\/www.abola.pt\/futebol\/chaves-469\" rel=\"nofollow noopener\" target=\"_blank\">Chaves<\/a> deixou pelo caminho: Amares, Le\u00e7a, Uni\u00e3o da Serra, Beira-Mar, <a class=\"autolink-enabled\" data-resource-id=\"458\" data-resource-type=\"team\" data-sport=\"football\" href=\"https:\/\/www.abola.pt\/futebol\/pacos-de-ferreira-458\" rel=\"nofollow noopener\" target=\"_blank\">Pa\u00e7os de Ferreira<\/a> e Naval. O <a class=\"autolink-enabled\" data-resource-id=\"451\" data-resource-type=\"team\" data-sport=\"football\" href=\"https:\/\/www.abola.pt\/futebol\/fc-porto-451\" rel=\"nofollow noopener\" target=\"_blank\">FC Porto<\/a> eliminou: Sertanense, <a class=\"autolink-enabled\" data-resource-id=\"2692\" data-resource-type=\"team\" data-sport=\"football\" href=\"https:\/\/www.abola.pt\/futebol\/ud-oliveirense-2692\" rel=\"nofollow noopener\" target=\"_blank\">Oliveirense<\/a>, <a class=\"autolink-enabled\" data-resource-id=\"24794\" data-resource-type=\"team\" data-sport=\"football\" href=\"https:\/\/www.abola.pt\/futebol\/belenenses-24794\" rel=\"nofollow noopener\" target=\"_blank\">Belenenses<\/a>, <a class=\"autolink-enabled\" data-resource-id=\"448\" data-resource-type=\"team\" data-sport=\"football\" href=\"https:\/\/www.abola.pt\/futebol\/sporting-448\" rel=\"nofollow noopener\" target=\"_blank\">Sporting<\/a> e <a class=\"autolink-enabled\" data-resource-id=\"442\" data-resource-type=\"team\" data-sport=\"football\" href=\"https:\/\/www.abola.pt\/futebol\/rio-ave-442\" rel=\"nofollow noopener\" target=\"_blank\">Rio Ave<\/a>.\u00a0Esta \u00e9poca, teremos novamente uma final sem duas equipas da I Liga: <a class=\"autolink-enabled\" data-resource-id=\"4771\" data-resource-type=\"team\" data-sport=\"football\" href=\"https:\/\/www.abola.pt\/futebol\/torreense-4771\" rel=\"nofollow noopener\" target=\"_blank\">Torreense<\/a> (<a class=\"autolink-enabled\" data-resource-id=\"111\" data-resource-type=\"competition\" data-sport=\"football\" href=\"https:\/\/www.abola.pt\/futebol\/competicao\/liga-portugal-2-meu-super-111\" rel=\"nofollow noopener\" target=\"_blank\">Liga 2<\/a>) ou <a class=\"autolink-enabled\" data-resource-id=\"4770\" data-resource-type=\"team\" data-sport=\"football\" href=\"https:\/\/www.abola.pt\/futebol\/fafe-4770\" rel=\"nofollow noopener\" target=\"_blank\">Fafe<\/a> (<a class=\"autolink-enabled\" data-resource-id=\"368\" data-resource-type=\"competition\" data-sport=\"football\" href=\"https:\/\/www.abola.pt\/futebol\/competicao\/liga-3-368\" rel=\"nofollow noopener\" target=\"_blank\">Liga 3<\/a>).\u00a0<\/p>\n","protected":false},"excerpt":{"rendered":"Realizou-se, esta quinta-feira, o sorteio das meias-finais da Ta\u00e7a de Portugal e h\u00e1 uma certeza. N\u00e3o estar\u00e3o duas&hellip;\n","protected":false},"author":2,"featured_media":230387,"comment_status":"","ping_status":"","sticky":false,"template":"","format":"standard","meta":{"footnotes":""},"categories":[8],"tags":[27,28,15,16,14,25,26,21,22,12,13,19,20,32,23,24,33,17,18,29,30,31],"class_list":{"0":"post-230386","1":"post","2":"type-post","3":"status-publish","4":"format-standard","5":"has-post-thumbnail","7":"category-principais-noticias","8":"tag-breaking-news","9":"tag-breakingnews","10":"tag-featured-news","11":"tag-featurednews","12":"tag-headlines","13":"tag-latest-news","14":"tag-latestnews","15":"tag-main-news","16":"tag-mainnews","17":"tag-news","18":"tag-noticias","19":"tag-noticias-principais","20":"tag-noticiasprincipais","21":"tag-portugal","22":"tag-principais-noticias","23":"tag-principaisnoticias","24":"tag-pt","25":"tag-top-stories","26":"tag-topstories","27":"tag-ultimas","28":"tag-ultimas-noticias","29":"tag-ultimasnoticias"},"share_on_mastodon":{"url":"https:\/\/pubeurope.com\/@pt\/115900644238111838","error":""},"_links":{"self":[{"href":"https:\/\/www.europesays.com\/pt\/wp-json\/wp\/v2\/posts\/230386","targetHints":{"allow":["GET"]}}],"collection":[{"href":"https:\/\/www.europesays.com\/pt\/wp-json\/wp\/v2\/posts"}],"about":[{"href":"https:\/\/www.europesays.com\/pt\/wp-json\/wp\/v2\/types\/post"}],"author":[{"embeddable":true,"href":"https:\/\/www.europesays.com\/pt\/wp-json\/wp\/v2\/users\/2"}],"replies":[{"embeddable":true,"href":"https:\/\/www.europesays.com\/pt\/wp-json\/wp\/v2\/comments?post=230386"}],"version-history":[{"count":0,"href":"https:\/\/www.europesays.com\/pt\/wp-json\/wp\/v2\/posts\/230386\/revisions"}],"wp:featuredmedia":[{"embeddable":true,"href":"https:\/\/www.europesays.com\/pt\/wp-json\/wp\/v2\/media\/230387"}],"wp:attachment":[{"href":"https:\/\/www.europesays.com\/pt\/wp-json\/wp\/v2\/media?parent=230386"}],"wp:term":[{"taxonomy":"category","embeddable":true,"href":"https:\/\/www.europesays.com\/pt\/wp-json\/wp\/v2\/categories?post=230386"},{"taxonomy":"post_tag","embeddable":true,"href":"https:\/\/www.europesays.com\/pt\/wp-json\/wp\/v2\/tags?post=230386"}],"curies":[{"name":"wp","href":"https:\/\/api.w.org\/{rel}","templated":true}]}}