{"id":230391,"date":"2026-01-15T19:00:10","date_gmt":"2026-01-15T19:00:10","guid":{"rendered":"https:\/\/www.europesays.com\/pt\/230391\/"},"modified":"2026-01-15T19:00:10","modified_gmt":"2026-01-15T19:00:10","slug":"bbb-26-globo-toma-decisao-sobre-cache-de-henri-castelli-apos-saida-por-motivo-de-saude","status":"publish","type":"post","link":"https:\/\/www.europesays.com\/pt\/230391\/","title":{"rendered":"BBB 26: Globo toma decis\u00e3o sobre cach\u00ea de Henri Castelli ap\u00f3s sa\u00edda por motivo de sa\u00fade"},"content":{"rendered":"<p>O ator <a href=\"https:\/\/caras.com.br\/tags\/henri-castelli\" rel=\"nofollow noopener\" target=\"_blank\"><strong>Henri Castelli<\/strong><\/a>, desclassificado do <a href=\"https:\/\/caras.com.br\/tags\/bbb-26\" rel=\"nofollow noopener\" target=\"_blank\">BBB 26<\/a> <a href=\"https:\/\/caras.com.br\/big-brother\/henri-castelli-esta-fora-do-bbb-26-a-saude-e-sempre-mais-importante.phtml\" rel=\"nofollow noopener\" target=\"_blank\">por motivo de sa\u00fade<\/a>, teve o futuro de seu cach\u00ea com a Globo definido. De acordo com informa\u00e7\u00f5es do colunista Gabriel Vaquer, da Folha de S. Paulo, a emissora decidiu manter o contrato com o artista mesmo ap\u00f3s sua sa\u00edda do reality show.<\/p>\n<p>A decis\u00e3o aconteceu ap\u00f3s a Globo concluir que n\u00e3o h\u00e1 motivos para puni\u00e7\u00f5es previstas em cl\u00e1usulas contratuais que acarretariam a perda de valores. Com isso, o cach\u00ea de Henri Castelli n\u00e3o ser\u00e1 suspenso.<\/p>\n<p>O artista, que entrou no BBB 26 como Camarote, deixou o confinamento na tarde de quarta-feira, 14, ap\u00f3s sofrer uma segunda convuls\u00e3o. A <a href=\"https:\/\/caras.com.br\/big-brother\/bbb-26-como-esta-henri-castelli-quadro-de-saude-do-ator-apos-convulsao-e-atualizado.phtml\" rel=\"nofollow noopener\" target=\"_blank\">primeira crise aconteceu durante a manh\u00e3<\/a>, enquanto Henri ainda estava na Prova de Resist\u00eancia.<\/p>\n<p>Ap\u00f3s o epis\u00f3dio, o ator foi encaminhado a um hospital, onde realizou uma bateria de exames. Horas ap\u00f3s o ocorrido, Henri Castelli retornou para o programa, mas <a href=\"https:\/\/caras.com.br\/big-brother\/bbb-26-henri-castelli-volta-para-a-casa-apos-ir-ao-hospital-mas-passa-mal-novamente.phtml\" rel=\"nofollow noopener\" target=\"_blank\">sofreu uma segunda convuls\u00e3o<\/a> minutos depois de entrar novamente na casa.<\/p>\n<p>Por recomenda\u00e7\u00f5es m\u00e9dicas e quest\u00f5es de seguran\u00e7a, a produ\u00e7\u00e3o optou por desclassific\u00e1-lo da edi\u00e7\u00e3o. A not\u00edcia foi revelada ao vivo pelo apresentador <a href=\"https:\/\/caras.com.br\/tags\/tadeu-schmidt\" rel=\"nofollow noopener\" target=\"_blank\"><strong>Tadeu Schmidt<\/strong><\/a>.<\/p>\n<blockquote class=\"instagram-media\" style=\"background: #FFF; border: 0; border-radius: 3px; box-shadow: 0 0 1px 0 rgba(0,0,0,0.5),0 1px 10px 0 rgba(0,0,0,0.15); margin: 1px; max-width: 540px; min-width: 326px; padding: 0; width: calc(100% - 2px);\" data-instgrm-captioned=\"\" data-instgrm-permalink=\"https:\/\/www.instagram.com\/reel\/DTdhMbJkSQY\/?utm_source=ig_embed&amp;utm_campaign=loading\" data-instgrm-version=\"14\"><\/blockquote>\n<p>  A sa\u00edda de Henri Castelli do BBB 26 <\/p>\n<p>\u201cHoje pela manh\u00e3, durante a Prova do l\u00edder, o Henri se sentiu mal. Ele teve uma crise convulsiva. Ele foi atendido ali mesmo, no prov\u00f3dromo, pela equipe m\u00e9dica e, de l\u00e1, foi levado para o hospital. O Henri passou por todos os exames indicados em uma situa\u00e7\u00e3o como essa, nenhum exame apontou qualquer problema e ele voltou ao programa. S\u00f3 que logo na chegada de volta \u00e0 casa, o Henri teve uma nova crise convulsiva\u201c, informou Tadeu Schmidt.<\/p>\n<p>\u201cEle foi levado pela segunda vez ao hospital. E, como ele teve esse segundo epis\u00f3dio, os m\u00e9dicos decidiram mant\u00ea-lo em observa\u00e7\u00e3o. O Henri est\u00e1 bem, est\u00e1 l\u00facido. Mas, diante desse quadro, o Henri n\u00e3o vai continuar no BBB. A gente lamenta a sa\u00edda dele do jogo, mas entende que, evidentemente, a sa\u00fade \u00e9 sempre mais importante do que qualquer competi\u00e7\u00e3o, al\u00e9m de ser uma preocupa\u00e7\u00e3o nossa, claro\u201c, continuou o apresentador.<\/p>\n<p>\u201cTodo mundo que vai entrar no BBB passa por uma longa bateria de exames e, durante a temporada, a gente tem uma UTI m\u00f3vel \u00e0 postos 24 horas por dia para atender qualquer necessidade dos participantes. Fica aqui um grande abra\u00e7o para o Henri. Bora seguir em frente\u201c, concluiu Tadeu.<\/p>\n<p><strong>Leia tamb\u00e9m<\/strong>: <a href=\"https:\/\/caras.com.br\/big-brother\/henri-castelli-faz-declaracao-apos-saida-do-bbb-26-por-motivos-de-saude-gratidao.phtml\" rel=\"nofollow noopener\" target=\"_blank\">Henri Castelli faz declara\u00e7\u00e3o ap\u00f3s sa\u00edda do BBB 26 por motivos de sa\u00fade: \u2018Gratid\u00e3o\u2026\u2019<\/a><\/p>\n<blockquote class=\"instagram-media\" style=\"background: #FFF; border: 0; border-radius: 3px; box-shadow: 0 0 1px 0 rgba(0,0,0,0.5),0 1px 10px 0 rgba(0,0,0,0.15); margin: 1px; max-width: 540px; min-width: 326px; padding: 0; width: calc(100% - 2px);\" data-instgrm-captioned=\"\" data-instgrm-permalink=\"https:\/\/www.instagram.com\/reel\/DTg-u1ICQAU\/?utm_source=ig_embed&amp;utm_campaign=loading\" data-instgrm-version=\"14\"><\/blockquote>\n<p>        <a href=\"https:\/\/caras.com.br\/autor\/rafaela-oliveira\" rel=\"nofollow noopener\" target=\"_blank\">&#13;<br \/>\n          <img loading=\"lazy\" alt=\"Rafaela Oliveira\" src=\"https:\/\/www.europesays.com\/pt\/wp-content\/uploads\/2026\/01\/1768503610_486_49f5322875970d1e29e5ff2c3d4db4418044337871973cc6a09a25acab0e8ff7.png\"  class=\"avatar avatar-115 photo rounded-circle mr-3\" height=\"115\" width=\"115\" decoding=\"async\"\/>        <\/a><\/p>\n<p>        <strong>Rafaela Oliveira<\/strong> \u00e9 rep\u00f3rter de conte\u00fado do site CARAS. Formada em jornalismo, j\u00e1 passou por sites como MaisNovela, Portal M\u00e1rcia Piovesan, Purepeople Brasil e Jornal O Dia. Escreve sobre celebridades, TV e reality show. (email: <a href=\"https:\/\/caras.com.br\/cdn-cgi\/l\/email-protection\" class=\"__cf_email__\" data-cfemail=\"0c7e6e6360657a69657e6d536f63606d6e4c6f6d7e6d7f226f6361226e7e\" rel=\"nofollow noopener\" target=\"_blank\">[email\u00a0protected]<\/a>)<\/p>\n<p>\t                                            <script async src=\"\/\/www.instagram.com\/embed.js\"><\/script><\/p>\n","protected":false},"excerpt":{"rendered":"O ator Henri Castelli, desclassificado do BBB 26 por motivo de sa\u00fade, teve o futuro de seu cach\u00ea&hellip;\n","protected":false},"author":2,"featured_media":230392,"comment_status":"","ping_status":"","sticky":false,"template":"","format":"standard","meta":{"footnotes":""},"categories":[142],"tags":[2565,15986,2509,114,115,36171,32,33,151],"class_list":{"0":"post-230391","1":"post","2":"type-post","3":"status-publish","4":"format-standard","5":"has-post-thumbnail","7":"category-tv","8":"tag-bbb","9":"tag-bbb-26","10":"tag-big-brother-brasil","11":"tag-entertainment","12":"tag-entretenimento","13":"tag-henri-castelli","14":"tag-portugal","15":"tag-pt","16":"tag-tv"},"share_on_mastodon":{"url":"https:\/\/pubeurope.com\/@pt\/115900659995429785","error":""},"_links":{"self":[{"href":"https:\/\/www.europesays.com\/pt\/wp-json\/wp\/v2\/posts\/230391","targetHints":{"allow":["GET"]}}],"collection":[{"href":"https:\/\/www.europesays.com\/pt\/wp-json\/wp\/v2\/posts"}],"about":[{"href":"https:\/\/www.europesays.com\/pt\/wp-json\/wp\/v2\/types\/post"}],"author":[{"embeddable":true,"href":"https:\/\/www.europesays.com\/pt\/wp-json\/wp\/v2\/users\/2"}],"replies":[{"embeddable":true,"href":"https:\/\/www.europesays.com\/pt\/wp-json\/wp\/v2\/comments?post=230391"}],"version-history":[{"count":0,"href":"https:\/\/www.europesays.com\/pt\/wp-json\/wp\/v2\/posts\/230391\/revisions"}],"wp:featuredmedia":[{"embeddable":true,"href":"https:\/\/www.europesays.com\/pt\/wp-json\/wp\/v2\/media\/230392"}],"wp:attachment":[{"href":"https:\/\/www.europesays.com\/pt\/wp-json\/wp\/v2\/media?parent=230391"}],"wp:term":[{"taxonomy":"category","embeddable":true,"href":"https:\/\/www.europesays.com\/pt\/wp-json\/wp\/v2\/categories?post=230391"},{"taxonomy":"post_tag","embeddable":true,"href":"https:\/\/www.europesays.com\/pt\/wp-json\/wp\/v2\/tags?post=230391"}],"curies":[{"name":"wp","href":"https:\/\/api.w.org\/{rel}","templated":true}]}}