{"id":230393,"date":"2026-01-15T19:02:12","date_gmt":"2026-01-15T19:02:12","guid":{"rendered":"https:\/\/www.europesays.com\/pt\/230393\/"},"modified":"2026-01-15T19:02:12","modified_gmt":"2026-01-15T19:02:12","slug":"hoje-no-streaming-o-filme-de-ficcao-cientifica-mais-caro-da-historia-com-um-custo-de-584-milhoes-noticias-de-cinema","status":"publish","type":"post","link":"https:\/\/www.europesays.com\/pt\/230393\/","title":{"rendered":"Hoje no streaming: O filme de fic\u00e7\u00e3o cient\u00edfica mais caro da hist\u00f3ria, com um custo de 584 milh\u00f5es &#8211; Not\u00edcias de cinema"},"content":{"rendered":"<p>Protagonizado por Chris Pratt e Bryce Dallas Howard, este longa-metragem sofreu com custos elevados de produ\u00e7\u00e3o.<\/p>\n<p class=\"bo-p\">Em meados de 2022, cinemas de todas as partes do mundo lan\u00e7aram <a href=\"https:\/\/www.adorocinema.com\/filmes\/filme-242492\/\" class=\"bo-link\" rel=\"nofollow noopener\" target=\"_blank\"><b>Jurassic World: Dom\u00ednio<\/b><\/a>, um <a href=\"https:\/\/www.adorocinema.com\/filmes-todos\/genero-13021\" class=\"bo-link\" rel=\"nofollow noopener\" target=\"_blank\">filme de fic\u00e7\u00e3o cient\u00edfica<\/a> dirigido por <a href=\"https:\/\/www.adorocinema.com\/personalidades\/personalidade-232126\/\" class=\"bo-link\" rel=\"nofollow noopener\" target=\"_blank\">Colin Trevorrow<\/a>. Estrelado por <a href=\"https:\/\/www.adorocinema.com\/personalidades\/personalidade-98332\/\" class=\"bo-link\" rel=\"nofollow noopener\" target=\"_blank\">Chris Pratt<\/a> e <a href=\"https:\/\/www.adorocinema.com\/personalidades\/personalidade-91615\/\" class=\"bo-link\" rel=\"nofollow noopener\" target=\"_blank\">Bryce Dallas Howard<\/a>, o longa-metragem foi um grande sucesso de bilheteria &#8211; elemento que salvou a Universal Pictures de um investimento milion\u00e1rio.<\/p>\n<p>JURASSIC WORLD: DOM\u00cdNIO \u00c9 O FILME MAIS CARO J\u00c1 FEITO<\/p>\n<p class=\"bo-p\">Originalmente, o or\u00e7amento em torno de Jurassic World: Dom\u00ednio era de 185 milh\u00f5es de d\u00f3lares, mas alguns pontos durante o desenvolvimento encareceram o projeto. Vale lembrar que as filmagens ocorreram durante a pandemia do COVID-19, o que gerou quarentenas prolongadas e extensas medidas de seguran\u00e7a.<\/p>\n<p class=\"bo-p\">Segundo relat\u00f3rios da Forbes e do The Guardian, <b>Jurassic World: Dom\u00ednio \u00e9 o filme mais caro j\u00e1 feito<\/b>, com um custo bruto de produ\u00e7\u00e3o que chegou a 584 milh\u00f5es. O valor at\u00e9 foi amenizado por conta de benef\u00edcios fiscais oferecidos pelo governo do Reino Unido, caindo para a casa de 465 milh\u00f5es.<\/p>\n<p class=\"bo-p\">Felizmente para a Universal Pictures, o longa foi um sucesso ap\u00f3s estrear nos cinemas, onde ultrapassou a bilheteria de 1 bilh\u00e3o de d\u00f3lares. Em termos de cr\u00edtica, as coisas n\u00e3o foram t\u00e3o felizes assim, levando Dom\u00ednio a amargar uma baixa aprova\u00e7\u00e3o de 29% no Rotten Tomatoes.<\/p>\n<p>    <a class=\"cms-see-also\" data-title=\"Link relacionado\" href=\"https:\/\/www.adorocinema.com\/noticias\/series\/noticia-1000185156\/\" rel=\"nofollow noopener\" target=\"_blank\">Boas not\u00edcias para os f\u00e3s de fic\u00e7\u00e3o cient\u00edfica: Netflix confirma retorno de sua obra mais perturbadora do g\u00eanero<\/a><br \/>\nQUAL \u00c9 A HIST\u00d3RIA DO FILME?<\/p>\n<p class=\"bo-p\">Quatro anos ap\u00f3s a destrui\u00e7\u00e3o da Ilha Nublar, os dinossauros agora vivem &#8211; e ca\u00e7am &#8211; ao lado de humanos em todo o mundo. Contudo, nem todos os r\u00e9pteis conseguem viver em harmonia com nossa esp\u00e9cie, gerando problemas graves. Com isso em mente, esse fr\u00e1gil equil\u00edbrio remodelar\u00e1 o futuro e determinar\u00e1, de uma vez por todas, se os seres humanos continuar\u00e3o sendo os principais predadores do planeta.<\/p>\n<p class=\"bo-p\">O elenco conta ainda com <a href=\"https:\/\/www.adorocinema.com\/personalidades\/personalidade-6183\/\" class=\"bo-link\" rel=\"nofollow noopener\" target=\"_blank\">Laura Dern<\/a>, <a href=\"https:\/\/www.adorocinema.com\/personalidades\/personalidade-973\/\" class=\"bo-link\" rel=\"nofollow noopener\" target=\"_blank\">Sam Neill<\/a>, <a href=\"https:\/\/www.adorocinema.com\/personalidades\/personalidade-3439\/\" class=\"bo-link\" rel=\"nofollow noopener\" target=\"_blank\">Jeff Goldblum<\/a>, <a href=\"https:\/\/www.adorocinema.com\/personalidades\/personalidade-213435\/\" class=\"bo-link\" rel=\"nofollow noopener\" target=\"_blank\">DeWanda Wise<\/a> e <a href=\"https:\/\/www.adorocinema.com\/personalidades\/personalidade-757330\/\" class=\"bo-link\" rel=\"nofollow noopener\" target=\"_blank\">Mamoudou Athie<\/a>. Jurassic World: Dom\u00ednio est\u00e1 dispon\u00edvel para aluguel e compra no <a href=\"https:\/\/www.adorocinema.com\/streaming\/amazon\/\" class=\"bo-link\" rel=\"nofollow noopener\" target=\"_blank\">Prime Video<\/a>.<\/p>\n","protected":false},"excerpt":{"rendered":"Protagonizado por Chris Pratt e Bryce Dallas Howard, este longa-metragem sofreu com custos elevados de produ\u00e7\u00e3o. Em meados&hellip;\n","protected":false},"author":2,"featured_media":230394,"comment_status":"","ping_status":"","sticky":false,"template":"","format":"standard","meta":{"footnotes":""},"categories":[140],"tags":[114,115,147,148,44184,146,32,33],"class_list":{"0":"post-230393","1":"post","2":"type-post","3":"status-publish","4":"format-standard","5":"has-post-thumbnail","7":"category-filmes","8":"tag-entertainment","9":"tag-entretenimento","10":"tag-film","11":"tag-filmes","12":"tag-jurassic_world_dominio","13":"tag-movies","14":"tag-portugal","15":"tag-pt"},"share_on_mastodon":{"url":"https:\/\/pubeurope.com\/@pt\/115900668045233636","error":""},"_links":{"self":[{"href":"https:\/\/www.europesays.com\/pt\/wp-json\/wp\/v2\/posts\/230393","targetHints":{"allow":["GET"]}}],"collection":[{"href":"https:\/\/www.europesays.com\/pt\/wp-json\/wp\/v2\/posts"}],"about":[{"href":"https:\/\/www.europesays.com\/pt\/wp-json\/wp\/v2\/types\/post"}],"author":[{"embeddable":true,"href":"https:\/\/www.europesays.com\/pt\/wp-json\/wp\/v2\/users\/2"}],"replies":[{"embeddable":true,"href":"https:\/\/www.europesays.com\/pt\/wp-json\/wp\/v2\/comments?post=230393"}],"version-history":[{"count":0,"href":"https:\/\/www.europesays.com\/pt\/wp-json\/wp\/v2\/posts\/230393\/revisions"}],"wp:featuredmedia":[{"embeddable":true,"href":"https:\/\/www.europesays.com\/pt\/wp-json\/wp\/v2\/media\/230394"}],"wp:attachment":[{"href":"https:\/\/www.europesays.com\/pt\/wp-json\/wp\/v2\/media?parent=230393"}],"wp:term":[{"taxonomy":"category","embeddable":true,"href":"https:\/\/www.europesays.com\/pt\/wp-json\/wp\/v2\/categories?post=230393"},{"taxonomy":"post_tag","embeddable":true,"href":"https:\/\/www.europesays.com\/pt\/wp-json\/wp\/v2\/tags?post=230393"}],"curies":[{"name":"wp","href":"https:\/\/api.w.org\/{rel}","templated":true}]}}