{"id":230401,"date":"2026-01-15T19:08:07","date_gmt":"2026-01-15T19:08:07","guid":{"rendered":"https:\/\/www.europesays.com\/pt\/230401\/"},"modified":"2026-01-15T19:08:07","modified_gmt":"2026-01-15T19:08:07","slug":"putin-espera-acordo-de-paz-o-mais-depressa-possivel-e-normalizar-relacoes-com-europa","status":"publish","type":"post","link":"https:\/\/www.europesays.com\/pt\/230401\/","title":{"rendered":"Putin espera acordo de paz &#8220;o mais depressa poss\u00edvel&#8221; e normalizar rela\u00e7\u00f5es com Europa"},"content":{"rendered":"<p data-remotead-prev-elm=\"true\" data-remotead-elm-id=\"inread\">Dirigindo-se a dez embaixadores europeus que lhe apresentaram, esta quinta-feira, as suas credenciais numa cerim\u00f3nia no Kremlin, o l\u00edder russo alertou que as rela\u00e7\u00f5es com a Europa &#8220;deixam muito a desejar&#8221; e manifestou confian\u00e7a em restaur\u00e1-las no futuro.<\/p>\n<p>&#8220;Quero sublinhar que o di\u00e1logo e os contactos foram reduzidos ao m\u00ednimo, tanto na esfera oficial, empresarial como p\u00fablica, mas n\u00e3o por culpa nossa&#8221;, observou.<\/p>\n<p>Vladimir Putin disse que a intera\u00e7\u00e3o com a Europa, que j\u00e1 foi o maior parceiro comercial da R\u00fassia, ficou tamb\u00e9m congelada no que diz respeito ao di\u00e1logo sobre quest\u00f5es internacionais e regionais.<\/p>\n<p data-remotead-prev-elm=\"true\" data-remotead-elm-id=\"centro1\">&#8220;Quero acreditar que, com o tempo, a situa\u00e7\u00e3o ir\u00e1 mudar e os nossos pa\u00edses regressar\u00e3o a uma comunica\u00e7\u00e3o normal e construtiva, baseada no respeito pelos interesses nacionais e na considera\u00e7\u00e3o das leg\u00edtimas preocupa\u00e7\u00f5es de seguran\u00e7a&#8221;, afirmou.<\/p>\n<p>Para Putin, as rela\u00e7\u00f5es da R\u00fassia com cada um dos pa\u00edses cujos embaixadores estiveram presentes na cerim\u00f3nia desta quinta-feira, incluindo Portugal, t\u00eam &#8220;ra\u00edzes hist\u00f3ricas profundas e est\u00e3o repletas de exemplos de parcerias mutuamente ben\u00e9ficas e enriquecedora coopera\u00e7\u00e3o cultural&#8221;.<\/p>\n<p>Na cerim\u00f3nia, o presidente russo defendeu tamb\u00e9m &#8220;a consolida\u00e7\u00e3o das condi\u00e7\u00f5es que permitam alcan\u00e7ar, o mais depressa poss\u00edvel uma solu\u00e7\u00e3o pac\u00edfica&#8221; para o conflito na Ucr\u00e2nia.<\/p>\n<p data-remotead-prev-elm=\"true\" data-remotead-elm-id=\"centro2\">&#8220;O nosso pa\u00eds aspira a uma paz duradoura e s\u00f3lida que garanta de forma fi\u00e1vel a seguran\u00e7a de cada pessoa. No entanto, nem todos, incluindo Kiev e as capitais que a apoiam, est\u00e3o preparados&#8221;, criticou, aludindo aos pa\u00edses europeus aliados da Ucr\u00e2nia.<\/p>\n<p>At\u00e9 que outros pa\u00edses compreendam esta necessidade, Putin insistiu que a R\u00fassia continuar\u00e1 a &#8220;perseguir os seus objetivos&#8221;, reafirmando que a crise na Ucr\u00e2nia \u00e9 consequ\u00eancia do desrespeito &#8220;durante muitos anos&#8221; dos interesses de Moscovo e do incumprimento das pot\u00eancias ocidentais em honrar a sua &#8220;promessa p\u00fablica&#8221; de n\u00e3o expandir a NATO para leste.<\/p>\n<p>O Kremlin n\u00e3o confirmou esta quinta-feira a iminente chegada a Moscovo, noticiada pela imprensa internacional, dos enviados da Casa Branca Steve Witkoff e Jared Kushner para discutir o plano de paz do presidente norte-americano, Donald Trump, para a Ucr\u00e2nia, que se encontra h\u00e1 v\u00e1rias semanas num impasse.<\/p>\n<p data-remotead-prev-elm=\"true\" data-remotead-elm-id=\"centro3\">Moscovo recusou-se igualmente a confirmar se apoia o envio de tropas estrangeiras para o pa\u00eds vizinho, particularmente se essas for\u00e7as inclu\u00edam militares de pa\u00edses de pa\u00edses do Sul Global, como a China.<\/p>\n<p>Antes das declara\u00e7\u00f5es de Putin, o porta-voz do Kremlin tinha afirmado esta quinta-feira que Moscovo concorda com as declara\u00e7\u00f5es do presidente norte-americano de que o principal obst\u00e1culo \u00e0 paz na Ucr\u00e2nia \u00e9 o l\u00edder do pa\u00eds, Volodymyr Zelensky.<\/p>\n<p>&#8220;Podemos concordar com isso. \u00c9 de facto o caso&#8221;, comentou Dmitri Peskov na sua primeira confer\u00eancia de imprensa telef\u00f3nica de 2026.<\/p>\n<p data-remotead-prev-elm=\"true\" data-remotead-elm-id=\"centro4\">Peskov reagia \u00e0s declara\u00e7\u00f5es de Trump, que sugeriu que o presidente russo demonstrou maior disponibilidade do que Zelensky para aceitar o plano de paz da Casa Branca.<\/p>\n<p>&#8220;A situa\u00e7\u00e3o est\u00e1 a piorar de dia para dia para o regime de Kiev. J\u00e1 o dissemos. E a janela para a tomada de decis\u00f5es est\u00e1 a fechar-se&#8221;, disse ainda o porta-voz do Kremlin.<\/p>\n<p>A cerim\u00f3nia de entrega de credenciais de embaixadores estrangeiros foi a primeira em mais de um ano e contou com a presen\u00e7a de mais de 30 diplomatas, entre os quais se encontravam embaixadores de dez pa\u00edses europeus, bem como os chefes de miss\u00f5es diplom\u00e1ticas de Cuba, Brasil, Uruguai, Col\u00f4mbia e Peru, al\u00e9m dos novos representantes de Israel e do Afeganist\u00e3o.<\/p>\n","protected":false},"excerpt":{"rendered":"Dirigindo-se a dez embaixadores europeus que lhe apresentaram, esta quinta-feira, as suas credenciais numa cerim\u00f3nia no Kremlin, o&hellip;\n","protected":false},"author":2,"featured_media":230402,"comment_status":"","ping_status":"","sticky":false,"template":"","format":"standard","meta":{"footnotes":""},"categories":[50],"tags":[27,28,15,16,889,14,25,26,21,22,62,12,13,19,20,23,24,839,17,18,29,30,31,2415,63,64,65],"class_list":{"0":"post-230401","1":"post","2":"type-post","3":"status-publish","4":"format-standard","5":"has-post-thumbnail","7":"category-mundo","8":"tag-breaking-news","9":"tag-breakingnews","10":"tag-featured-news","11":"tag-featurednews","12":"tag-guerra-na-ucrania","13":"tag-headlines","14":"tag-latest-news","15":"tag-latestnews","16":"tag-main-news","17":"tag-mainnews","18":"tag-mundo","19":"tag-news","20":"tag-noticias","21":"tag-noticias-principais","22":"tag-noticiasprincipais","23":"tag-principais-noticias","24":"tag-principaisnoticias","25":"tag-russia","26":"tag-top-stories","27":"tag-topstories","28":"tag-ultimas","29":"tag-ultimas-noticias","30":"tag-ultimasnoticias","31":"tag-vladimir-putin","32":"tag-world","33":"tag-world-news","34":"tag-worldnews"},"share_on_mastodon":{"url":"https:\/\/pubeurope.com\/@pt\/115900691496431180","error":""},"_links":{"self":[{"href":"https:\/\/www.europesays.com\/pt\/wp-json\/wp\/v2\/posts\/230401","targetHints":{"allow":["GET"]}}],"collection":[{"href":"https:\/\/www.europesays.com\/pt\/wp-json\/wp\/v2\/posts"}],"about":[{"href":"https:\/\/www.europesays.com\/pt\/wp-json\/wp\/v2\/types\/post"}],"author":[{"embeddable":true,"href":"https:\/\/www.europesays.com\/pt\/wp-json\/wp\/v2\/users\/2"}],"replies":[{"embeddable":true,"href":"https:\/\/www.europesays.com\/pt\/wp-json\/wp\/v2\/comments?post=230401"}],"version-history":[{"count":0,"href":"https:\/\/www.europesays.com\/pt\/wp-json\/wp\/v2\/posts\/230401\/revisions"}],"wp:featuredmedia":[{"embeddable":true,"href":"https:\/\/www.europesays.com\/pt\/wp-json\/wp\/v2\/media\/230402"}],"wp:attachment":[{"href":"https:\/\/www.europesays.com\/pt\/wp-json\/wp\/v2\/media?parent=230401"}],"wp:term":[{"taxonomy":"category","embeddable":true,"href":"https:\/\/www.europesays.com\/pt\/wp-json\/wp\/v2\/categories?post=230401"},{"taxonomy":"post_tag","embeddable":true,"href":"https:\/\/www.europesays.com\/pt\/wp-json\/wp\/v2\/tags?post=230401"}],"curies":[{"name":"wp","href":"https:\/\/api.w.org\/{rel}","templated":true}]}}