{"id":230411,"date":"2026-01-15T19:15:12","date_gmt":"2026-01-15T19:15:12","guid":{"rendered":"https:\/\/www.europesays.com\/pt\/230411\/"},"modified":"2026-01-15T19:15:12","modified_gmt":"2026-01-15T19:15:12","slug":"rafael-pezenti-se-torna-o-emedebista-com-maior-engajamento-digital-em-sc-radio-mirador","status":"publish","type":"post","link":"https:\/\/www.europesays.com\/pt\/230411\/","title":{"rendered":"Rafael Pezenti se torna o emedebista com maior engajamento digital em SC \u2013 R\u00e1dio Mirador"},"content":{"rendered":"<p><b>Participe do grupo de informa\u00e7\u00f5es da Mirador FM no WhatsApp!  <a href=\"https:\/\/chat.whatsapp.com\/DTYeUqsIPiT8WltGe7Kf42\" target=\"_blank\" rel=\"noreferrer noopener nofollow\">Clique aqui<\/a> <\/b><\/p>\n<p>O parlamentar soma aproximadamente 130 mil seguidores no Instagram<\/p>\n<p>O deputado federal Rafael Pezenti (MDB) consolidou-se como o emedebista de Santa Catarina com maior engajamento nas redes sociais. O desempenho \u00e9 atribu\u00eddo a um posicionamento pol\u00edtico firme, alinhado \u00e0 direita, e \u00e0 defesa constante do pequeno agricultor e do setor produtivo catarinense, pautas que t\u00eam forte apelo junto ao eleitorado do interior do Estado.<\/p>\n<p>Desde o in\u00edcio do mandato, o crescimento digital do parlamentar tem sido expressivo. Ao assumir a cadeira na C\u00e2mara dos Deputados, Pezenti contava com cerca de 9 mil seguidores no Instagram. Atualmente, soma aproximadamente 130 mil apenas nessa plataforma. O bom desempenho tamb\u00e9m se repete em redes como TikTok e Facebook, ampliando de forma consistente seu alcance e a capacidade de di\u00e1logo com diferentes p\u00fablicos.<\/p>\n<p>Para aliados e analistas pol\u00edticos, o avan\u00e7o nas redes est\u00e1 diretamente ligado ao estilo de comunica\u00e7\u00e3o adotado pelo deputado: direto, objetivo e conectado a temas que mobilizam a base conservadora. A cr\u00edtica ao que considera excessos do Estado, o posicionamento claro em debates nacionais e a defesa do agroneg\u00f3cio e do pequeno produtor rural t\u00eam gerado alto engajamento e ampliado sua visibilidade pol\u00edtica.<\/p>\n<p>Segundo Pezenti, o foco da comunica\u00e7\u00e3o n\u00e3o \u00e9 apenas ganhar curtidas, mas prestar contas do mandato. \u201cN\u00e3o \u00e9 videozinho para ganhar curtidas, \u00e9 presta\u00e7\u00e3o de contas. Quem confiou em mim precisa saber o que estou fazendo em Bras\u00edlia, quais posi\u00e7\u00f5es eu defendo e o que acontece nos bastidores do Congresso. As redes sociais ajudam muito nisso, junto com a presen\u00e7a direta nos munic\u00edpios\u201d, afirmou.<\/p>\n<p>Com presen\u00e7a digital robusta, Rafael Pezenti desponta como uma das principais lideran\u00e7as emergentes do MDB catarinense, evidenciando como o uso estrat\u00e9gico das redes sociais se tornou um ativo central na pol\u00edtica contempor\u00e2nea.<\/p>\n","protected":false},"excerpt":{"rendered":"Participe do grupo de informa\u00e7\u00f5es da Mirador FM no WhatsApp! Clique aqui O parlamentar soma aproximadamente 130 mil&hellip;\n","protected":false},"author":2,"featured_media":230412,"comment_status":"","ping_status":"","sticky":false,"template":"","format":"standard","meta":{"footnotes":""},"categories":[141],"tags":[114,115,149,150,32,33],"class_list":{"0":"post-230411","1":"post","2":"type-post","3":"status-publish","4":"format-standard","5":"has-post-thumbnail","7":"category-musica","8":"tag-entertainment","9":"tag-entretenimento","10":"tag-music","11":"tag-musica","12":"tag-portugal","13":"tag-pt"},"share_on_mastodon":{"url":"https:\/\/pubeurope.com\/@pt\/115900719237345911","error":""},"_links":{"self":[{"href":"https:\/\/www.europesays.com\/pt\/wp-json\/wp\/v2\/posts\/230411","targetHints":{"allow":["GET"]}}],"collection":[{"href":"https:\/\/www.europesays.com\/pt\/wp-json\/wp\/v2\/posts"}],"about":[{"href":"https:\/\/www.europesays.com\/pt\/wp-json\/wp\/v2\/types\/post"}],"author":[{"embeddable":true,"href":"https:\/\/www.europesays.com\/pt\/wp-json\/wp\/v2\/users\/2"}],"replies":[{"embeddable":true,"href":"https:\/\/www.europesays.com\/pt\/wp-json\/wp\/v2\/comments?post=230411"}],"version-history":[{"count":0,"href":"https:\/\/www.europesays.com\/pt\/wp-json\/wp\/v2\/posts\/230411\/revisions"}],"wp:featuredmedia":[{"embeddable":true,"href":"https:\/\/www.europesays.com\/pt\/wp-json\/wp\/v2\/media\/230412"}],"wp:attachment":[{"href":"https:\/\/www.europesays.com\/pt\/wp-json\/wp\/v2\/media?parent=230411"}],"wp:term":[{"taxonomy":"category","embeddable":true,"href":"https:\/\/www.europesays.com\/pt\/wp-json\/wp\/v2\/categories?post=230411"},{"taxonomy":"post_tag","embeddable":true,"href":"https:\/\/www.europesays.com\/pt\/wp-json\/wp\/v2\/tags?post=230411"}],"curies":[{"name":"wp","href":"https:\/\/api.w.org\/{rel}","templated":true}]}}