{"id":230427,"date":"2026-01-15T19:24:14","date_gmt":"2026-01-15T19:24:14","guid":{"rendered":"https:\/\/www.europesays.com\/pt\/230427\/"},"modified":"2026-01-15T19:24:14","modified_gmt":"2026-01-15T19:24:14","slug":"militares-europeus-chegam-a-gronelandia-enquanto-trump-reitera-interesse-na-ilha","status":"publish","type":"post","link":"https:\/\/www.europesays.com\/pt\/230427\/","title":{"rendered":"Militares europeus chegam \u00e0 Gronel\u00e2ndia enquanto Trump reitera interesse na ilha"},"content":{"rendered":"<p>                <b>Cerca de 15 soldados franceses chegaram esta quinta-feira \u00e0 Gronel\u00e2ndia, juntando-se a soldados da Alemanha, Noruega e Su\u00e9cia para uma \u201cmiss\u00e3o de reconhecimento\u201d.<\/b><\/p>\n<p>A Alemanha enviou um avi\u00e3o para Nuuk na quinta-feira com um contingente de 13 soldados, embora as autoridades tenham afirmado que eles permaneceriam na Groenl\u00e2ndia apenas at\u00e9 s\u00e1bado. A Su\u00e9cia enviou tr\u00eas oficiais e a Noruega dois. <\/p>\n<p><b>O destacamento limitado tem como objetivo enviar uma mensagem de apoio \u00e0 Gronel\u00e2ndia, numa altura em que o presidente norte-americano, Donald Trump, continua a pressionar pela aquisi\u00e7\u00e3o da ilha.<\/b><\/p>\n<p>&#8220;Este \u00e9 um primeiro exerc\u00edcio. Mostraremos aos EUA que a NATO est\u00e1 presente&#8221;, disse o diplomata franc\u00eas Olivier Poivre d&#8217;Arvor. Apesar de modesto, este destacamento \u00e9, no entanto, &#8220;sem precedentes&#8221;, salientou Poivre d&#8217;Arvor. O presidente franc\u00eas, Emmanuel Macron, afirmou que o contingente inicial ser\u00e1 refor\u00e7ado em breve com &#8220;recursos terrestres, a\u00e9reos e mar\u00edtimos&#8221;.<\/p>\n<p>O ministro da Defesa da Dinamarca, Troels Lund-Poulsen, tamb\u00e9m disse esta quinta-feira que n\u00e3o tinha um n\u00famero final para a presen\u00e7a alargada da NATO na Gronel\u00e2ndia.<br \/>&#13;<br \/>\n<b><br \/>&#13;<br \/>\n&#8220;Mas \u00e9 claro que agora poderemos planear uma presen\u00e7a maior e mais permanente ao longo de 2026, e isso \u00e9 crucial para mostrar que a seguran\u00e7a no \u00c1rtico n\u00e3o \u00e9 apenas para o Reino da Dinamarca, mas para toda a NATO\u201d, declarou.<\/b><br \/>&#13;<br \/>\nTrump volta a insistir que precisa da Gronel\u00e2ndia<br \/>&#13;<br \/>\nO envio de tropas foi anunciado horas depois de um encontro na Casa Branca entre autoridades dos EUA, da Dinamarca e da Gronel\u00e2ndia.<\/p>\n<p><b>\u00c0 sa\u00edda deste encontro, na quarta-feira, o ministro\u00a0<\/b><b>dinamarqu\u00eas <\/b><b>dos Neg\u00f3cios Estrangeiros disse que permanecia uma \u201cdiscord\u00e2ncia fundamental\u201d e que n\u00e3o conseguiram mudar a posi\u00e7\u00e3o dos EUA.<\/b><\/p>\n<p>Donald Trump continua a insistir no seu desejo de adquirir a Gronel\u00e2ndia. Esta quinta-feira, o presidente norte-americano reiterou que os EUA precisam da Gronel\u00e2ndia \u201cpara a seguran\u00e7a nacional\u201d, nomeadamente para conter os avan\u00e7os da R\u00fassia e da China no \u00c1rtico.<\/p>\n<p>Embora n\u00e3o tenha descartado o uso da for\u00e7a, Trump afirmou na noite de quarta-feira que acreditava ser poss\u00edvel chegar a um acordo com a Dinamarca.<\/p>\n<p><b>&#8220;O problema \u00e9 que a Dinamarca n\u00e3o pode fazer nada se a R\u00fassia ou a China quiserem ocupar a Gronel\u00e2ndia, mas n\u00f3s podemos fazer tudo o que estiver ao nosso alcance. Voc\u00eas descobriram isso na semana passada com a Venezuela\u201d, disse.<\/b><\/p>\n<p>Trump tem alertado para a amea\u00e7a russa e chinesa para justificar a sua inten\u00e7\u00e3o de adquirir a ilha do \u00c1rtico. No entanto, atualmente existem poucas provas de que um grande n\u00famero de navios chineses e russos estejam a navegar perto da costa da Gronel\u00e2ndia.<\/p>\n<p><b>Esta quinta-feira, a R\u00fassia afirmou que as declara\u00e7\u00f5es sobre Moscovo e Pequim representarem uma amea\u00e7a para a Gronel\u00e2ndia s\u00e3o um mito criado para incitar a histeria e alertou para os perigos de uma escalada do confronto na regi\u00e3o.<\/b><\/p>\n<p>Ainda assim, uma porta-voz do Minist\u00e9rio dos Neg\u00f3cios Estrangeiros avisou que qualquer tentativa de ignorar os interesses da R\u00fassia no \u00c1rtico n\u00e3o ficar\u00e1 sem resposta.&#13;\n            <\/p>\n","protected":false},"excerpt":{"rendered":"Cerca de 15 soldados franceses chegaram esta quinta-feira \u00e0 Gronel\u00e2ndia, juntando-se a soldados da Alemanha, Noruega e Su\u00e9cia&hellip;\n","protected":false},"author":2,"featured_media":230428,"comment_status":"","ping_status":"","sticky":false,"template":"","format":"standard","meta":{"footnotes":""},"categories":[8],"tags":[27,28,413,15,16,13033,14,25,26,21,22,3400,12,13,19,20,32,23,24,33,17,18,2183,29,30,31],"class_list":{"0":"post-230427","1":"post","2":"type-post","3":"status-publish","4":"format-standard","5":"has-post-thumbnail","7":"category-principais-noticias","8":"tag-breaking-news","9":"tag-breakingnews","10":"tag-eua","11":"tag-featured-news","12":"tag-featurednews","13":"tag-gronelandia","14":"tag-headlines","15":"tag-latest-news","16":"tag-latestnews","17":"tag-main-news","18":"tag-mainnews","19":"tag-nato","20":"tag-news","21":"tag-noticias","22":"tag-noticias-principais","23":"tag-noticiasprincipais","24":"tag-portugal","25":"tag-principais-noticias","26":"tag-principaisnoticias","27":"tag-pt","28":"tag-top-stories","29":"tag-topstories","30":"tag-trump","31":"tag-ultimas","32":"tag-ultimas-noticias","33":"tag-ultimasnoticias"},"share_on_mastodon":{"url":"https:\/\/pubeurope.com\/@pt\/115900754639534860","error":""},"_links":{"self":[{"href":"https:\/\/www.europesays.com\/pt\/wp-json\/wp\/v2\/posts\/230427","targetHints":{"allow":["GET"]}}],"collection":[{"href":"https:\/\/www.europesays.com\/pt\/wp-json\/wp\/v2\/posts"}],"about":[{"href":"https:\/\/www.europesays.com\/pt\/wp-json\/wp\/v2\/types\/post"}],"author":[{"embeddable":true,"href":"https:\/\/www.europesays.com\/pt\/wp-json\/wp\/v2\/users\/2"}],"replies":[{"embeddable":true,"href":"https:\/\/www.europesays.com\/pt\/wp-json\/wp\/v2\/comments?post=230427"}],"version-history":[{"count":0,"href":"https:\/\/www.europesays.com\/pt\/wp-json\/wp\/v2\/posts\/230427\/revisions"}],"wp:featuredmedia":[{"embeddable":true,"href":"https:\/\/www.europesays.com\/pt\/wp-json\/wp\/v2\/media\/230428"}],"wp:attachment":[{"href":"https:\/\/www.europesays.com\/pt\/wp-json\/wp\/v2\/media?parent=230427"}],"wp:term":[{"taxonomy":"category","embeddable":true,"href":"https:\/\/www.europesays.com\/pt\/wp-json\/wp\/v2\/categories?post=230427"},{"taxonomy":"post_tag","embeddable":true,"href":"https:\/\/www.europesays.com\/pt\/wp-json\/wp\/v2\/tags?post=230427"}],"curies":[{"name":"wp","href":"https:\/\/api.w.org\/{rel}","templated":true}]}}