{"id":23043,"date":"2025-08-10T01:13:12","date_gmt":"2025-08-10T01:13:12","guid":{"rendered":"https:\/\/www.europesays.com\/pt\/23043\/"},"modified":"2025-08-10T01:13:12","modified_gmt":"2025-08-10T01:13:12","slug":"quem-e-o-suposto-noivo-catarinense-de-anitta","status":"publish","type":"post","link":"https:\/\/www.europesays.com\/pt\/23043\/","title":{"rendered":"Quem \u00e9 o suposto noivo catarinense de Anitta"},"content":{"rendered":"<p>                            <a href=\"https:\/\/img.nsctotal.com.br\/wp-content\/uploads\/2025\/08\/Anitta-5-1-1.jpg\" data-caption=\"(Foto: Redes sociais, Reprodu\u00e7\u00e3o)\" aria-label=\"(Foto: Redes sociais, Reprodu\u00e7\u00e3o)\" rel=\"nofollow noopener\" target=\"_blank\"><img width=\"944\" height=\"531\" src=\"https:\/\/www.europesays.com\/pt\/wp-content\/uploads\/2025\/08\/Anitta-5-1-1-944x531.jpg\" class=\"attachment-custom-large size-custom-large article-featured-image\" alt=\"\" fetchpriority=\"high\" decoding=\"async\"  \/><\/a><\/p>\n<p>Cantor colombiano J Balvin compartilhou na noite de sexta (8) imagens de Anitta usando um anel que supostamente seria de noivado (Foto: Redes sociais, Reprodu\u00e7\u00e3o)<\/p>\n<p>Amigo de Anitta, o cantor colombiano J Balvin compartilhou na noite de sexta (8) imagens de Anitta usando um anel que supostamente seria de noivado. A cantora aparece beijando seu at\u00e9 <a href=\"https:\/\/www.nsctotal.com.br\/noticias\/suposto-affair-de-anitta-que-mora-em-sc-comemora-aniversario-da-cantora\" target=\"_blank\" rel=\"noreferrer noopener nofollow\"><strong>ent\u00e3o namorado<\/strong><\/a>, o empres\u00e1rio catarinense Ian Bortolanza, nascido em Florian\u00f3polis.<\/p>\n<p>Continua depois da publicidade<\/p>\n<p>\u201cAnel de noivado. Felicidades, vejo voc\u00eas no casamento\u201d, escreveu J Balvin na legenda.<\/p>\n<p>A cantora ainda n\u00e3o confirmou se realmente noivou em suas redes sociais. Entre os internautas, surgiram opini\u00f5es que apontam para a possibilidade de as fotos serem brincadeira de Balvin.<\/p>\n<p>\u201cEsse anel \u00e9 do Balvin. Ela jamais usaria um anel desse tamanho\u201d, escreveu uma usu\u00e1ria. Outra ressaltou: \u201cEle estava com o anel na foto anterior e ningu\u00e9m percebeu\u201d. Coment\u00e1rios como \u201cNo pen\u00faltimo story do suposto noivado, aparece esse anel no dedo mindinho do Balvin\u201d tamb\u00e9m foram compartilhados.<\/p>\n<p>Veja fotos do casal<a href=\"https:\/\/www.europesays.com\/pt\/wp-content\/uploads\/2025\/08\/Anitta-5-2-1.jpg\"><a href=\"https:\/\/www.europesays.com\/pt\/wp-content\/uploads\/2025\/08\/Anitta-5-2-1.jpg\" aria-label=\"Imagem da Galeria\"><img loading=\"lazy\" decoding=\"async\" width=\"1200\" height=\"675\" data-id=\"7606185\" src=\"https:\/\/www.europesays.com\/pt\/wp-content\/uploads\/2025\/08\/Anitta-5-2-1.jpg\" alt=\"\" class=\"wp-image-7606185\"  \/><\/a><\/p>\n<p>Anitta e Ian assumiram o namoro no Carnaval deste ano (Foto: Redes sociais, Reprodu\u00e7\u00e3o)<\/p>\n<p><a href=\"https:\/\/www.europesays.com\/pt\/wp-content\/uploads\/2025\/08\/Anitta-5-2.jpg\"><a href=\"https:\/\/www.europesays.com\/pt\/wp-content\/uploads\/2025\/08\/Anitta-5-2.jpg\" aria-label=\"Imagem da Galeria\"><img loading=\"lazy\" decoding=\"async\" width=\"1200\" height=\"675\" data-id=\"7606181\" src=\"https:\/\/www.europesays.com\/pt\/wp-content\/uploads\/2025\/08\/Anitta-5-2.jpg\" alt=\"\" class=\"wp-image-7606181\"  \/><\/a><\/p>\n<p>Ian Bortolanza \u00e9 diretor de uma ag\u00eancia de consultoria e gest\u00e3o de marketing esportivo (Foto: Redes sociais, Reprodu\u00e7\u00e3o)<\/p>\n<p><a href=\"https:\/\/www.europesays.com\/pt\/wp-content\/uploads\/2025\/08\/Anitta-5-3-1.jpg\"><a href=\"https:\/\/www.europesays.com\/pt\/wp-content\/uploads\/2025\/08\/Anitta-5-3-1.jpg\" aria-label=\"Imagem da Galeria\"><img loading=\"lazy\" decoding=\"async\" width=\"1200\" height=\"675\" data-id=\"7606186\" src=\"https:\/\/www.europesays.com\/pt\/wp-content\/uploads\/2025\/08\/Anitta-5-3-1.jpg\" alt=\"\" class=\"wp-image-7606186\"  \/><\/a><\/p>\n<p>Cantora j\u00e1 postou fotos com Ian nas redes sociais (Foto: Redes sociais, Reprodu\u00e7\u00e3o)<\/p>\n<p><a href=\"https:\/\/www.europesays.com\/pt\/wp-content\/uploads\/2025\/08\/Anitta-5-1.jpg\"><a href=\"https:\/\/www.europesays.com\/pt\/wp-content\/uploads\/2025\/08\/Anitta-5-1.jpg\" aria-label=\"Imagem da Galeria\"><img loading=\"lazy\" decoding=\"async\" width=\"1200\" height=\"675\" data-id=\"7606180\" src=\"https:\/\/www.europesays.com\/pt\/wp-content\/uploads\/2025\/08\/Anitta-5-1.jpg\" alt=\"\" class=\"wp-image-7606180\"  \/><\/a><\/p>\n<p>Anitta namora catarinense (Foto: Redes sociais, Reprodu\u00e7\u00e3o)<\/p>\n<p><a href=\"https:\/\/www.europesays.com\/pt\/wp-content\/uploads\/2025\/08\/Anitta-5-3.jpg\"><a href=\"https:\/\/www.europesays.com\/pt\/wp-content\/uploads\/2025\/08\/Anitta-5-3.jpg\" aria-label=\"Imagem da Galeria\"><img loading=\"lazy\" decoding=\"async\" width=\"1200\" height=\"675\" data-id=\"7606183\" src=\"https:\/\/www.europesays.com\/pt\/wp-content\/uploads\/2025\/08\/Anitta-5-3.jpg\" alt=\"\" class=\"wp-image-7606183\"  \/><\/a><\/p>\n<p>Cantora mostrou \u201cnovo rosto\u201d ap\u00f3s cirurgias pl\u00e1sticas recentemente (Foto: Redes sociais, Reprodu\u00e7\u00e3o)<\/p>\n<p>VoltarAvan\u00e7ar<\/p>\n<p>Continua depois da publicidade<\/p>\n<p>Quem \u00e9 Ian Bortolanza<\/p>\n<p>Os rumores do relacionamento entre Anitta e Ian Bortolanza v\u00eam desde o Carnaval, quando os dois foram vistos trocando carinhos durante o \u00faltimo dia de desfiles de Carnaval na Marqu\u00eas de Sapuca\u00ed, no Rio de Janeiro.<\/p>\n<p>Ian Bortolanza \u00e9 diretor de uma ag\u00eancia de consultoria e gest\u00e3o de marketing esportivo. A ag\u00eancia trabalha com assessoria, capta\u00e7\u00e3o de patroc\u00ednios e produ\u00e7\u00e3o de conte\u00fado para m\u00eddias sociais. Ian j\u00e1 trabalhou com nomes como os lutadores Rafael dos Anjos, Rangel Farias e Alex Poatan Pereira.<\/p>\n<p>O empres\u00e1rio, de 33 anos, mora em Florian\u00f3polis e \u00e9 s\u00f3cio de duas empresas na \u00e1rea esportiva. Ele coordena a produ\u00e7\u00e3o de um podcast sobre lutas. Antes de se dedicar ao marketing esportivo, Ian trabalhou como vendedor na empresa dos pais, uma distribuidora de produtos m\u00e9dicos.<\/p>\n<p>*Com informa\u00e7\u00f5es do O Globo e do Metr\u00f3poles.<\/p>\n<p>Leia tamb\u00e9m<\/p>\n<p><a href=\"https:\/\/www.nsctotal.com.br\/noticias\/quem-e-felca-youtuber-que-viralizou-ao-denunciar-adultizacao-nas-redes\" target=\"_blank\" rel=\"noreferrer noopener nofollow\"><strong>Quem \u00e9 Felca, youtuber que viralizou ao denunciar adultiza\u00e7\u00e3o nas redes<\/strong><\/a><\/p>\n","protected":false},"excerpt":{"rendered":"Cantor colombiano J Balvin compartilhou na noite de sexta (8) imagens de Anitta usando um anel que supostamente&hellip;\n","protected":false},"author":2,"featured_media":23044,"comment_status":"","ping_status":"","sticky":false,"template":"","format":"standard","meta":{"footnotes":""},"categories":[145],"tags":[211,210,829,114,115,32,33],"class_list":{"0":"post-23043","1":"post","2":"type-post","3":"status-publish","4":"format-standard","5":"has-post-thumbnail","7":"category-celebridades","8":"tag-celebridades","9":"tag-celebrities","10":"tag-conteudo-liberado","11":"tag-entertainment","12":"tag-entretenimento","13":"tag-portugal","14":"tag-pt"},"share_on_mastodon":{"url":"","error":""},"_links":{"self":[{"href":"https:\/\/www.europesays.com\/pt\/wp-json\/wp\/v2\/posts\/23043","targetHints":{"allow":["GET"]}}],"collection":[{"href":"https:\/\/www.europesays.com\/pt\/wp-json\/wp\/v2\/posts"}],"about":[{"href":"https:\/\/www.europesays.com\/pt\/wp-json\/wp\/v2\/types\/post"}],"author":[{"embeddable":true,"href":"https:\/\/www.europesays.com\/pt\/wp-json\/wp\/v2\/users\/2"}],"replies":[{"embeddable":true,"href":"https:\/\/www.europesays.com\/pt\/wp-json\/wp\/v2\/comments?post=23043"}],"version-history":[{"count":0,"href":"https:\/\/www.europesays.com\/pt\/wp-json\/wp\/v2\/posts\/23043\/revisions"}],"wp:featuredmedia":[{"embeddable":true,"href":"https:\/\/www.europesays.com\/pt\/wp-json\/wp\/v2\/media\/23044"}],"wp:attachment":[{"href":"https:\/\/www.europesays.com\/pt\/wp-json\/wp\/v2\/media?parent=23043"}],"wp:term":[{"taxonomy":"category","embeddable":true,"href":"https:\/\/www.europesays.com\/pt\/wp-json\/wp\/v2\/categories?post=23043"},{"taxonomy":"post_tag","embeddable":true,"href":"https:\/\/www.europesays.com\/pt\/wp-json\/wp\/v2\/tags?post=23043"}],"curies":[{"name":"wp","href":"https:\/\/api.w.org\/{rel}","templated":true}]}}