{"id":230434,"date":"2026-01-15T19:30:11","date_gmt":"2026-01-15T19:30:11","guid":{"rendered":"https:\/\/www.europesays.com\/pt\/230434\/"},"modified":"2026-01-15T19:30:11","modified_gmt":"2026-01-15T19:30:11","slug":"a-noiva-ganha-trailer-oficial-com-jessie-buckley-e-christian-bale","status":"publish","type":"post","link":"https:\/\/www.europesays.com\/pt\/230434\/","title":{"rendered":"A Noiva! ganha trailer oficial com Jessie Buckley e Christian Bale"},"content":{"rendered":"<p class=\"wp-block-yoast-seo-estimated-reading-time yoast-reading-time__wrapper\">Estimated reading time: 2 minutos<\/p>\n<p>Novo trabalho de <strong>Maggie Gyllenhaal<\/strong> como diretora, <a href=\"https:\/\/ovicio.com.br\/tag\/A-Noiva!\/\" rel=\"nofollow noopener\" target=\"_blank\">A Noiva!<\/a> j\u00e1 desponta como um dos filmes mais aguardados deste ano, e a <strong>Warner Bros. Pictures<\/strong> acaba de disponibilizar um trailer oficial.<\/p>\n<p>Trata-se de uma releitura de <strong>A Noiva de Frankenstein<\/strong> com &#8220;<strong>uma abordagem punk rock<\/strong>&#8221; e elenco de peso, que inclui <strong>Jessie Buckley<\/strong> no papel-t\u00edtulo e o vencedor do Oscar <strong>Christian Bale<\/strong> como o monstro de Frankenstein.<\/p>\n<p>Outros confirmados s\u00e3o <strong>Peter Sarsgaard<\/strong>, <strong>Annette Bening<\/strong>, <strong>Jake Gyllenhaal<\/strong> e <strong>Pen\u00e9lope Cruz<\/strong>.<\/p>\n<blockquote class=\"twitter-tweet\">\n<p lang=\"en\" dir=\"ltr\">The dead have got something to say. <a href=\"https:\/\/twitter.com\/hashtag\/TheBrideMovie?src=hash&amp;ref_src=twsrc%5Etfw\" rel=\"nofollow noopener\" target=\"_blank\">#TheBrideMovie<\/a> only in theaters March 6. <a href=\"https:\/\/t.co\/CIlj37QZVw\" rel=\"nofollow\">pic.twitter.com\/CIlj37QZVw<\/a><\/p>\n<p>\u2014 The Bride (@thebridefilm) <a href=\"https:\/\/twitter.com\/thebridefilm\/status\/2011842092591694338?ref_src=twsrc%5Etfw\" rel=\"nofollow noopener\" target=\"_blank\">January 15, 2026<\/a><\/p>\n<\/blockquote>\n<p>Leia tamb\u00e9m sobre A Noiva!<\/p>\n<p><strong>A Noiva!\u00a0<\/strong>tem estreia marcada para 5 de mar\u00e7o.<\/p>\n<p>A trama \u00e9 situada na Chicago dos anos 30, quando o monstro de Frankenstein (Bale) pede para a Dra. Euphronius (Annette Bening) para criar uma companheira para ele. Eles d\u00e3o vida a uma mulher assassinada como &#8220;a Noiva&#8221; (Jessie Buckley), o que desperta romance, o interesse da pol\u00edcia e uma radical mudan\u00e7a social.<\/p>\n<p><strong>Fonte<\/strong>: <a href=\"https:\/\/www.youtube.com\/watch?v=Yk8oW7wky1g\" target=\"_blank\" rel=\"noreferrer noopener nofollow\">WB<\/a><\/p>\n<p><script async src=\"https:\/\/platform.twitter.com\/widgets.js\" charset=\"utf-8\"><\/script><\/p>\n","protected":false},"excerpt":{"rendered":"Estimated reading time: 2 minutos Novo trabalho de Maggie Gyllenhaal como diretora, A Noiva! j\u00e1 desponta como um&hellip;\n","protected":false},"author":2,"featured_media":230435,"comment_status":"","ping_status":"","sticky":false,"template":"","format":"standard","meta":{"footnotes":""},"categories":[140],"tags":[44192,44193,114,115,147,148,146,32,33],"class_list":{"0":"post-230434","1":"post","2":"type-post","3":"status-publish","4":"format-standard","5":"has-post-thumbnail","7":"category-filmes","8":"tag-a-noiva-de-frankenstein","9":"tag-a-noiva","10":"tag-entertainment","11":"tag-entretenimento","12":"tag-film","13":"tag-filmes","14":"tag-movies","15":"tag-portugal","16":"tag-pt"},"share_on_mastodon":{"url":"https:\/\/pubeurope.com\/@pt\/115900777974689799","error":""},"_links":{"self":[{"href":"https:\/\/www.europesays.com\/pt\/wp-json\/wp\/v2\/posts\/230434","targetHints":{"allow":["GET"]}}],"collection":[{"href":"https:\/\/www.europesays.com\/pt\/wp-json\/wp\/v2\/posts"}],"about":[{"href":"https:\/\/www.europesays.com\/pt\/wp-json\/wp\/v2\/types\/post"}],"author":[{"embeddable":true,"href":"https:\/\/www.europesays.com\/pt\/wp-json\/wp\/v2\/users\/2"}],"replies":[{"embeddable":true,"href":"https:\/\/www.europesays.com\/pt\/wp-json\/wp\/v2\/comments?post=230434"}],"version-history":[{"count":0,"href":"https:\/\/www.europesays.com\/pt\/wp-json\/wp\/v2\/posts\/230434\/revisions"}],"wp:featuredmedia":[{"embeddable":true,"href":"https:\/\/www.europesays.com\/pt\/wp-json\/wp\/v2\/media\/230435"}],"wp:attachment":[{"href":"https:\/\/www.europesays.com\/pt\/wp-json\/wp\/v2\/media?parent=230434"}],"wp:term":[{"taxonomy":"category","embeddable":true,"href":"https:\/\/www.europesays.com\/pt\/wp-json\/wp\/v2\/categories?post=230434"},{"taxonomy":"post_tag","embeddable":true,"href":"https:\/\/www.europesays.com\/pt\/wp-json\/wp\/v2\/tags?post=230434"}],"curies":[{"name":"wp","href":"https:\/\/api.w.org\/{rel}","templated":true}]}}