{"id":230436,"date":"2026-01-15T19:31:17","date_gmt":"2026-01-15T19:31:17","guid":{"rendered":"https:\/\/www.europesays.com\/pt\/230436\/"},"modified":"2026-01-15T19:31:17","modified_gmt":"2026-01-15T19:31:17","slug":"rodrigo-ribeiro-abandona-alvalade-rumo-ao-augsburgo","status":"publish","type":"post","link":"https:\/\/www.europesays.com\/pt\/230436\/","title":{"rendered":"Rodrigo Ribeiro abandona Alvalade rumo ao Augsburgo"},"content":{"rendered":"<p>&#13;<br \/>\nO acordo entre os dois clubes prev\u00ea a aquisi\u00e7\u00e3o obrigat\u00f3ria do portugu\u00eas pela equipa da Alemanha, caso este cumpra um determinado n\u00famero de objetivos. Nessa eventualidade, Rodrigo Ribeiro junta-se ao plantel do Augsburgo por 6 milh\u00f5es de euros, mais uma percentagem de uma futura venda.&#13;\n<\/p>\n<p>&#13;<br \/>\nO avan\u00e7ado ruma ao Augsburgo para refor\u00e7ar o clube de futebol alem\u00e3o, que ocupa o pen\u00faltimo lugar da tabela classificativa da Bundesliga, a dois pontos de dist\u00e2ncia do \u00faltimo classificado.&#13;\n<\/p>\n<p>&#13;<br \/>\nO jovem de Viana de Castelo somou apenas alguns minutos esta temporada na equipa principal dos le\u00f5es, tendo sido regularmente cedido \u00e0 equipa B, onde contabilizou 11 jogos, com cinco golos e uma assist\u00eancia.&#13;\n<\/p>\n<p>&#13;<br \/>\nJ\u00e1 na \u00e9poca de 2024\/2025, o avan\u00e7ado entrou em campo 21 vezes pelo Aves Futebol SAD e quatro pelo clube de Alvalade.&#13;\n<\/p>\n<p>Esta \u00e9 a segunda experi\u00eancia do minhoto em territ\u00f3rio internacional, depois de ter sido emprestado \u00e0 Premier League em 23\/24 e integrado o plantel do Nottingham Forest.<\/p>\n","protected":false},"excerpt":{"rendered":"&#13; O acordo entre os dois clubes prev\u00ea a aquisi\u00e7\u00e3o obrigat\u00f3ria do portugu\u00eas pela equipa da Alemanha, caso&hellip;\n","protected":false},"author":2,"featured_media":230437,"comment_status":"","ping_status":"","sticky":false,"template":"","format":"standard","meta":{"footnotes":""},"categories":[87],"tags":[135,13,32,33,420,421,134],"class_list":{"0":"post-230436","1":"post","2":"type-post","3":"status-publish","4":"format-standard","5":"has-post-thumbnail","7":"category-desporto","8":"tag-desporto","9":"tag-noticias","10":"tag-portugal","11":"tag-pt","12":"tag-rtp","13":"tag-rtp-noticias","14":"tag-sports"},"share_on_mastodon":{"url":"https:\/\/pubeurope.com\/@pt\/115900782258406842","error":""},"_links":{"self":[{"href":"https:\/\/www.europesays.com\/pt\/wp-json\/wp\/v2\/posts\/230436","targetHints":{"allow":["GET"]}}],"collection":[{"href":"https:\/\/www.europesays.com\/pt\/wp-json\/wp\/v2\/posts"}],"about":[{"href":"https:\/\/www.europesays.com\/pt\/wp-json\/wp\/v2\/types\/post"}],"author":[{"embeddable":true,"href":"https:\/\/www.europesays.com\/pt\/wp-json\/wp\/v2\/users\/2"}],"replies":[{"embeddable":true,"href":"https:\/\/www.europesays.com\/pt\/wp-json\/wp\/v2\/comments?post=230436"}],"version-history":[{"count":0,"href":"https:\/\/www.europesays.com\/pt\/wp-json\/wp\/v2\/posts\/230436\/revisions"}],"wp:featuredmedia":[{"embeddable":true,"href":"https:\/\/www.europesays.com\/pt\/wp-json\/wp\/v2\/media\/230437"}],"wp:attachment":[{"href":"https:\/\/www.europesays.com\/pt\/wp-json\/wp\/v2\/media?parent=230436"}],"wp:term":[{"taxonomy":"category","embeddable":true,"href":"https:\/\/www.europesays.com\/pt\/wp-json\/wp\/v2\/categories?post=230436"},{"taxonomy":"post_tag","embeddable":true,"href":"https:\/\/www.europesays.com\/pt\/wp-json\/wp\/v2\/tags?post=230436"}],"curies":[{"name":"wp","href":"https:\/\/api.w.org\/{rel}","templated":true}]}}