{"id":230444,"date":"2026-01-15T19:36:21","date_gmt":"2026-01-15T19:36:21","guid":{"rendered":"https:\/\/www.europesays.com\/pt\/230444\/"},"modified":"2026-01-15T19:36:21","modified_gmt":"2026-01-15T19:36:21","slug":"libertacao-de-406-presos-politicos-e-decisao-unilateral-diz-governo-venezuelano-venezuela","status":"publish","type":"post","link":"https:\/\/www.europesays.com\/pt\/230444\/","title":{"rendered":"Liberta\u00e7\u00e3o de 406 presos pol\u00edticos \u00e9 decis\u00e3o \u201cunilateral\u201d, diz Governo venezuelano | Venezuela"},"content":{"rendered":"<p>O ministro da Justi\u00e7a da Venezuela afirmou que a liberta\u00e7\u00e3o de 406 presos pol\u00edticos \u00e9 uma decis\u00e3o adoptada \u201cde forma unilateral\u201d pelo Governo, afastando qualquer participa\u00e7\u00e3o da Igreja Cat\u00f3lica ou de organiza\u00e7\u00f5es dos direitos humanos.<\/p>\n<p>\u201cTodas estas decis\u00f5es foram tomadas unilateralmente, a Igreja Cat\u00f3lica n\u00e3o tem nada a ver com isto, muito pelo contr\u00e1rio. Nenhuma ONG [organiza\u00e7\u00e3o n\u00e3o governamental] tem qualquer participa\u00e7\u00e3o\u201d, afirmou <a href=\"https:\/\/www.publico.pt\/2017\/08\/04\/mundo\/noticia\/os-rostos-da-assembleia-constituinte-1781396\" rel=\"nofollow noopener\" target=\"_blank\">Diosdado Cabello<\/a>.<\/p>\n<p>O ministro falava na quarta-feira, durante o programa televisivo que apresenta, Con el Mazo Dando (Dando com o Martelo, numa tradu\u00e7\u00e3o literal), transmitido pela emissora estatal Venezolana de Televisi\u00f3n (VTV).<\/p>\n<p>Cabello indicou que as <a href=\"https:\/\/www.publico.pt\/2026\/01\/13\/mundo\/noticia\/ong-confirma-libertacao-menos-56-presos-politicos-venezuela-2160991\" rel=\"nofollow noopener\" target=\"_blank\">liberta\u00e7\u00f5es<\/a> fazem parte de um plano executado de acordo com uma ordem dada pelo Presidente Nicol\u00e1s Maduro, antes de ser capturado por for\u00e7as norte-americanas durante os ataques de 3 de Janeiro contra Caracas.<\/p>\n<p>\u201cEm Dezembro, o Presidente Nicol\u00e1s Maduro ordenou a revis\u00e3o dos casos de pessoas que foram detidas por incitarem \u00e0 viol\u00eancia, por atacarem o povo venezuelano\u201d, explicou o ministro.<\/p>\n<p>Cabello salientou que, \u201csomando os dois grupos\u201d de reclusos libertados, entre os anunciados em Dezembro e os deste ano de Janeiro, <a href=\"https:\/\/www.publico.pt\/2026\/01\/08\/mundo\/noticia\/dia-presos-venezuela-diferenca-governo-portugues-proteger-2160504\" rel=\"nofollow noopener\" target=\"_blank\">\u201cmais de 400\u201d pessoas foram libertadas na Venezuela<\/a>.<\/p>\n<p>O ministro disse ainda que os casos \u201cainda est\u00e3o em an\u00e1lise\u201d e acrescentou que n\u00e3o se trata de uma \u201cconcess\u00e3o generosa\u201d, mas sim de \u201cuma oportunidade dada a estas pessoas\u201d que, reiterou, \u201cn\u00e3o s\u00e3o presos pol\u00edticos\u201d. \u201cN\u00e3o vamos concluir nada, vamos analisar cada caso e, quando poss\u00edvel, deixar que cada pessoa assuma a sua responsabilidade hist\u00f3rica\u201d, declarou Cabello.<\/p>\n<p>Horas antes, a Presidente interina da Venezuela, Delcy Rodr\u00edguez, afirmou que o pa\u00eds vive \u201cuma nova era pol\u00edtica\u201d, ao anunciar a liberta\u00e7\u00e3o, at\u00e9 agora, de 406 presos pol\u00edticos, na primeira declara\u00e7\u00e3o \u00e0 imprensa desde que assumiu o poder.<\/p>\n<p>Na ter\u00e7a-feira, os opositores Mar\u00eda Corina Machado e Edmundo Gonz\u00e1lez Urrutia acusaram o Governo interino da Venezuela de n\u00e3o cumprir a anunciada liberta\u00e7\u00e3o de presos pol\u00edticos, sem a qual \u201cn\u00e3o pode haver transi\u00e7\u00e3o\u201d no pa\u00eds.<\/p>\n<p>At\u00e9 \u00e0s 20h30 de quarta-feira (0h30 em Lisboa), a ONG venezuelana Foro Penal, que defende os presos pol\u00edticos, <a href=\"https:\/\/www.publico.pt\/2026\/01\/08\/mundo\/noticia\/venezuela-anuncia-libertacao-prisioneiros-estrangeiros-incluindo-estrangeiros-numero-significativo-2160524\" rel=\"nofollow noopener\" target=\"_blank\">confirmou a liberta\u00e7\u00e3o de 84 pessoas desde 8 de Janeiro<\/a>, incluindo 17 estrangeiros ou venezuelanos com dupla nacionalidade.<\/p>\n<p>A ONG contabilizava at\u00e9 domingo mais de 800 presos pol\u00edticos, n\u00famero que inclu\u00eda 86 pessoas com nacionalidade estrangeira ou com dupla nacionalidade, entre os quais cinco luso-venezuelanos.<\/p>\n<p>Delcy Rodr\u00edguez, advogada e pol\u00edtica de 56 anos, foi vice-presidente de Maduro desde 2018, dirigindo o temido servi\u00e7o secreto da Venezuela e a crucial ind\u00fastria petrol\u00edfera do pa\u00eds, que det\u00e9m as maiores reservas do mundo.<\/p>\n<p>Apesar de a ter sancionado por viola\u00e7\u00f5es dos direitos humanos durante o primeiro mandato (2017-2021), o Presidente dos Estados Unidos, Donald Trump, disse que espera que Rodr\u00edguez o ajude a garantir o controlo dos EUA sobre o petr\u00f3leo da Venezuela.<\/p>\n","protected":false},"excerpt":{"rendered":"O ministro da Justi\u00e7a da Venezuela afirmou que a liberta\u00e7\u00e3o de 406 presos pol\u00edticos \u00e9 uma decis\u00e3o adoptada&hellip;\n","protected":false},"author":2,"featured_media":230445,"comment_status":"","ping_status":"","sticky":false,"template":"","format":"standard","meta":{"footnotes":""},"categories":[50],"tags":[1028,27,28,3026,235,15,16,14,25,26,21,22,62,12,3025,13,19,20,23,24,17,18,29,30,31,3023,63,64,65],"class_list":{"0":"post-230444","1":"post","2":"type-post","3":"status-publish","4":"format-standard","5":"has-post-thumbnail","7":"category-mundo","8":"tag-america-latina","9":"tag-breaking-news","10":"tag-breakingnews","11":"tag-direitos-humanos","12":"tag-estados-unidos","13":"tag-featured-news","14":"tag-featurednews","15":"tag-headlines","16":"tag-latest-news","17":"tag-latestnews","18":"tag-main-news","19":"tag-mainnews","20":"tag-mundo","21":"tag-news","22":"tag-nicolas-maduro","23":"tag-noticias","24":"tag-noticias-principais","25":"tag-noticiasprincipais","26":"tag-principais-noticias","27":"tag-principaisnoticias","28":"tag-top-stories","29":"tag-topstories","30":"tag-ultimas","31":"tag-ultimas-noticias","32":"tag-ultimasnoticias","33":"tag-venezuela","34":"tag-world","35":"tag-world-news","36":"tag-worldnews"},"share_on_mastodon":{"url":"","error":"Validation failed: Text character limit of 500 exceeded"},"_links":{"self":[{"href":"https:\/\/www.europesays.com\/pt\/wp-json\/wp\/v2\/posts\/230444","targetHints":{"allow":["GET"]}}],"collection":[{"href":"https:\/\/www.europesays.com\/pt\/wp-json\/wp\/v2\/posts"}],"about":[{"href":"https:\/\/www.europesays.com\/pt\/wp-json\/wp\/v2\/types\/post"}],"author":[{"embeddable":true,"href":"https:\/\/www.europesays.com\/pt\/wp-json\/wp\/v2\/users\/2"}],"replies":[{"embeddable":true,"href":"https:\/\/www.europesays.com\/pt\/wp-json\/wp\/v2\/comments?post=230444"}],"version-history":[{"count":0,"href":"https:\/\/www.europesays.com\/pt\/wp-json\/wp\/v2\/posts\/230444\/revisions"}],"wp:featuredmedia":[{"embeddable":true,"href":"https:\/\/www.europesays.com\/pt\/wp-json\/wp\/v2\/media\/230445"}],"wp:attachment":[{"href":"https:\/\/www.europesays.com\/pt\/wp-json\/wp\/v2\/media?parent=230444"}],"wp:term":[{"taxonomy":"category","embeddable":true,"href":"https:\/\/www.europesays.com\/pt\/wp-json\/wp\/v2\/categories?post=230444"},{"taxonomy":"post_tag","embeddable":true,"href":"https:\/\/www.europesays.com\/pt\/wp-json\/wp\/v2\/tags?post=230444"}],"curies":[{"name":"wp","href":"https:\/\/api.w.org\/{rel}","templated":true}]}}