{"id":230453,"date":"2026-01-15T19:44:10","date_gmt":"2026-01-15T19:44:10","guid":{"rendered":"https:\/\/www.europesays.com\/pt\/230453\/"},"modified":"2026-01-15T19:44:10","modified_gmt":"2026-01-15T19:44:10","slug":"cameron-admite-que-sequelas-tem-de-ser-mais-baratas","status":"publish","type":"post","link":"https:\/\/www.europesays.com\/pt\/230453\/","title":{"rendered":"Cameron admite que sequelas t\u00eam de ser mais baratas"},"content":{"rendered":"<p>James Cameron falou sobre o futuro de Avatar, admitindo que a luz verde para Avatar 4 e 5 n\u00e3o est\u00e1 garantida e que a \u00fanica forma de continuar \u00e9 encontrar um m\u00e9todo mais econ\u00f3mico de produzir os filmes.<\/p>\n<p>Os filmes da saga Avatar s\u00e3o conhecidos pelos seus or\u00e7amentos astron\u00f3micos, historicamente justificados por receitas de bilheteira que quebram recordes. O primeiro Avatar (2009) continua a ser o filme com a maior receita de bilheteira: <strong>2,9 mil milh\u00f5es de d\u00f3lares<\/strong>, e Avatar: O Caminho da \u00c1gua (2022) ocupa o terceiro lugar com <strong>2,3 mil milh\u00f5es de d\u00f3lares<\/strong>.<\/p>\n<p>No entanto, os n\u00fameros mais recentes indicam que <strong>Avatar: Fire and Ash<\/strong> atingiu os<strong> 1,231 mil milh\u00f5es de d\u00f3lares globalmente <\/strong>ap\u00f3s quatro fins de semana nos cinemas. Embora seja um valor impressionante para qualquer outro filme, est\u00e1 bastante atr\u00e1s dos seus antecessores. No mesmo per\u00edodo de quatro semanas, O Caminho da \u00c1gua j\u00e1 tinha somado 1,713 mil milh\u00f5es e o original 1,335 mil milh\u00f5es.<\/p>\n<p>Com a Disney a agendar Avatar 4 para 21 de dezembro de 2029 e Avatar 5 para 19 de dezembro de 2031, a quest\u00e3o que se imp\u00f5e \u00e9 se o desempenho financeiro atual ser\u00e1 suficiente para convencer o est\u00fadio a manter o plano.<\/p>\n<p><a href=\"http:\/\/youtu.be\/sqznXoBAfz8?si=--2O4QYhU2g-Xqt4\" rel=\"noopener nofollow\" target=\"_blank\">Numa nova entrevista ao canal taiwan\u00eas TVBS News<\/a>, Cameron abriu o jogo: o realizador, agora com 71 anos, recusou confirmar taxativamente a produ\u00e7\u00e3o das sequelas, sublinhando a necessidade de adapta\u00e7\u00e3o financeira.<\/p>\n<p>&#8220;O estado da ind\u00fastria cinematogr\u00e1fica est\u00e1 deprimido neste momento&#8221;, explicou Cameron. &#8220;O Avatar 3 custou muito dinheiro. Temos de ter um bom desempenho para continuar. Temos de ter sucesso e precisamos de descobrir como fazer os filmes Avatar de forma mais barata para continuar&#8221;.<\/p>\n<p>Cameron revelou que, se a luz verde for dada, a estrat\u00e9gia passar\u00e1 por filmar as duas sequelas em simult\u00e2neo, tal como aconteceu com o segundo e terceiro filmes. &#8220;Se continuarmos e fizermos o 4, faremos o 4 e o 5 juntos. O 2 e o 3 foram uma grande hist\u00f3ria conjunta. O 4 e o 5 s\u00e3o outra grande hist\u00f3ria&#8221;.<\/p>\n<p>Durante a entrevista, Cameron confirmou que tem um papel importante planeado para Michelle Yeo. &#8220;A Michelle vai estar definitivamente no 4, se fizermos o 4&#8221;, esclareceu o realizador. Cameron revelou ainda detalhes sobre a personagem: &#8220;Ela interpretar\u00e1 uma personagem de captura de performance. O nome da personagem \u00e9 Paktu\u2019eylat. Ela ser\u00e1 uma Na\u2019vi&#8221;.<\/p>\n<p>A press\u00e3o sobre Fire and Ash n\u00e3o \u00e9 segredo. J\u00e1 antes da estreia, <a href=\"http:\/\/open.spotify.com\/episode\/0igvjcmgw4wYhAWvPzBauq?si=d40648c6b2d14b8c\" rel=\"noopener nofollow\" target=\"_blank\">Cameron tinha admitido no podcast The Town<\/a> que o filme custou &#8220;uma tonelada m\u00e9trica de dinheiro&#8221; e que precisaria de fazer &#8220;duas toneladas m\u00e9tricas&#8221; para dar lucro.<\/p>\n<p>O cineasta mant\u00e9m a sua postura de que est\u00e1 pronto para abandonar o projeto se os n\u00fameros n\u00e3o baterem certo. &#8220;Estou na terra de Avatar h\u00e1 20 anos&#8221;, disse Cameron, corrigindo-se para 30 anos, dado que escreveu o gui\u00e3o original em 1995. &#8220;Se for aqui que acaba, fixe&#8221;.<\/p>\n<p>E quanto \u00e0s pontas soltas narrativas? Cameron tem uma solu\u00e7\u00e3o simples que dispensa or\u00e7amentos de mil milh\u00f5es de d\u00f3lares: &#8220;Escrevo um livro!&#8221;.<\/p>\n<p><img decoding=\"async\" alt=\"null\" class=\"article-image-full-size\" data-position=\"0\" src=\"https:\/\/www.europesays.com\/pt\/wp-content\/uploads\/2026\/01\/james-cameron-says-he-must-find-a-cheaper-way-to-produce-the_7gmb.jpg\"  viewbox=\"0 0 16 9\"\/><br \/>\nAvatar 4 e 5 ainda n\u00e3o receberam luz verde. Fotografia de VCG\/VCG via Getty Images.<\/p>\n<p>O contexto em que Fire and Ash chega aos cinemas \u00e9 complexo. A Disney tem tentado impulsionar as idas \u00e0s salas de cinema,<a href=\"https:\/\/pt.ign.com\/avengers-doomsday\/153982\/news\/irmaos-russo-deixam-mensagem-misteriosa-sobre-trailers-de-avengers-doomsday\" rel=\"nofollow noopener\" target=\"_blank\"> utilizando at\u00e9 teasers exclusivos de Avengers: Doomsday antes das sess\u00f5es de Avatar.<\/a><\/p>\n<p>Simultaneamente, o mercado enfrenta mudan\u00e7as s\u00edsmicas, motivadas pelo processo de aquisi\u00e7\u00e3o da Warner Bros. pela Netflix e as condi\u00e7\u00f5es econ\u00f3micas adversas, que afastam os espetadores das salas de cinema. At\u00e9 Leonardo DiCaprio expressou recentemente preocupa\u00e7\u00e3o com o futuro da experi\u00eancia cinematogr\u00e1fica, <a href=\"http:\/\/www.thetimes.com\/culture\/film\/article\/leonardo-dicaprio-paul-thomas-anderson-interview-one-battle-after-another-zs7dpf3w7\" rel=\"noopener nofollow\" target=\"_blank\">temendo que os cinemas se tornem<\/a> &#8220;silos de nicho, como bares de jazz&#8221;.<\/p>\n<p>Fotografia de VCG\/VCG via Getty Images.<\/p>\n<p>Pedro Pestana \u00e9 viciado em gaming, caf\u00e9 e voleibol, sensivelmente nesta ordem. Podem encontrar alguns dos seus devaneios no <a href=\"https:\/\/www.threads.net\/@pmnpestana\" rel=\"noopener nofollow\" target=\"_blank\">Threads<\/a> ou <a href=\"https:\/\/bsky.app\/profile\/pmnpestana.bsky.social\" rel=\"noopener nofollow\" target=\"_blank\">Bluesky.<\/a><\/p>\n","protected":false},"excerpt":{"rendered":"James Cameron falou sobre o futuro de Avatar, admitindo que a luz verde para Avatar 4 e 5&hellip;\n","protected":false},"author":2,"featured_media":230454,"comment_status":"","ping_status":"","sticky":false,"template":"","format":"standard","meta":{"footnotes":""},"categories":[140],"tags":[114,115,147,148,146,32,33],"class_list":{"0":"post-230453","1":"post","2":"type-post","3":"status-publish","4":"format-standard","5":"has-post-thumbnail","7":"category-filmes","8":"tag-entertainment","9":"tag-entretenimento","10":"tag-film","11":"tag-filmes","12":"tag-movies","13":"tag-portugal","14":"tag-pt"},"share_on_mastodon":{"url":"https:\/\/pubeurope.com\/@pt\/115900833047743989","error":""},"_links":{"self":[{"href":"https:\/\/www.europesays.com\/pt\/wp-json\/wp\/v2\/posts\/230453","targetHints":{"allow":["GET"]}}],"collection":[{"href":"https:\/\/www.europesays.com\/pt\/wp-json\/wp\/v2\/posts"}],"about":[{"href":"https:\/\/www.europesays.com\/pt\/wp-json\/wp\/v2\/types\/post"}],"author":[{"embeddable":true,"href":"https:\/\/www.europesays.com\/pt\/wp-json\/wp\/v2\/users\/2"}],"replies":[{"embeddable":true,"href":"https:\/\/www.europesays.com\/pt\/wp-json\/wp\/v2\/comments?post=230453"}],"version-history":[{"count":0,"href":"https:\/\/www.europesays.com\/pt\/wp-json\/wp\/v2\/posts\/230453\/revisions"}],"wp:featuredmedia":[{"embeddable":true,"href":"https:\/\/www.europesays.com\/pt\/wp-json\/wp\/v2\/media\/230454"}],"wp:attachment":[{"href":"https:\/\/www.europesays.com\/pt\/wp-json\/wp\/v2\/media?parent=230453"}],"wp:term":[{"taxonomy":"category","embeddable":true,"href":"https:\/\/www.europesays.com\/pt\/wp-json\/wp\/v2\/categories?post=230453"},{"taxonomy":"post_tag","embeddable":true,"href":"https:\/\/www.europesays.com\/pt\/wp-json\/wp\/v2\/tags?post=230453"}],"curies":[{"name":"wp","href":"https:\/\/api.w.org\/{rel}","templated":true}]}}