{"id":230470,"date":"2026-01-15T19:56:11","date_gmt":"2026-01-15T19:56:11","guid":{"rendered":"https:\/\/www.europesays.com\/pt\/230470\/"},"modified":"2026-01-15T19:56:11","modified_gmt":"2026-01-15T19:56:11","slug":"no-bbb-26-edilson-capetinha-relembra-conselho-a-felipao-antes-do-7-a-1-bernard-e-ruim-p","status":"publish","type":"post","link":"https:\/\/www.europesays.com\/pt\/230470\/","title":{"rendered":"No BBB 26, Edilson Capetinha relembra conselho a Felip\u00e3o antes do 7 a 1: \u2018Bernard \u00e9 ruim p\u2026\u2019"},"content":{"rendered":"<p>                    Reprodu\u00e7\u00e3o\/Jovem Pan<\/p>\n<p>                                            <img decoding=\"async\" class=\"img-responsive type:primaryImage\" src=\"https:\/\/www.europesays.com\/pt\/wp-content\/uploads\/2026\/01\/edilson-capetinha-750x346.jpg\" alt=\"Edilson Capetinha foi o entrevista do programa 'Reis da Resenha', do Grupo Jovem Pan\" id=\"zoom-img\"\/><br \/>\n                                        Edilson Capetinha foi o entrevista do programa &#8216;Reis da Resenha&#8217;, do Grupo Jovem Pan<\/p>\n<p>Participante do \u201cBig Brother Brasil 2026\u201d, o ex-atacante Edilson Capetinha revelou durante o reality show uma conversa que teve com o t\u00e9cnico Luiz Felipe Scolari, sobre a partida do Brasil contra a Alemanha, pela semifinal da Copa do Mundo de 2014. A sele\u00e7\u00e3o europeia venceu o duelo por 7 a 1.<\/p>\n<p>Naquele rev\u00e9s acachapante no Mineir\u00e3o, Felip\u00e3o optou por escalar o meia Bernard, que hoje est\u00e1 no Atl\u00e9tico-MG. Astro da sele\u00e7\u00e3o brasileira na Copa de 2014, Neymar desfalcou o Brasil contra a Alemanha, por estar contundido.<\/p>\n<p>Para o confronto contra os alem\u00e3es, Luiz Felipe Scolari cogitou escalar um time mais defensivo. No entanto, colocou Bernard como substituto de Neymar. Edilson Capetinha revelou que deu conselhos ao treinador.<\/p>\n<p>\u201cEu falei: \u2018Eu n\u00e3o botava (o Bernard)\u2019. Jogaria por uma bola e colocaria mais um volante. Colocaria Hulk e Fred na frente e jogaria por uma bola contra a Alemanha. Falei: \u2018Voc\u00ea (Felip\u00e3o) vai colocar o Bernard?\u2019. O Bernard \u00e9 fraco. E ele falou: \u2018Na Copa de 2002, eu te coloquei\u2019. E eu falei: \u2018Mas eu n\u00e3o sou o Bernard. O Bernard \u00e9 ruim p\u2026\u201d, disse Edilson, durante o programa da \u201cTV Globo\u201d.<\/p>\n<p>Edilson Capetinha disputou a Copa do Mundo de 2002 com a sele\u00e7\u00e3o brasileira. O time nacional, comandado justamente por Luiz Felipe Scolari, foi campe\u00e3o mundial. Na decis\u00e3o, o Brasil derrotou a Alemanha pelo placar de 2 a 0.<\/p>\n<p>O atacante Bernard, que atualmente tem 33 anos, foi revelado nas categorias de base do Atl\u00e9tico-MG. O atleta tem passagens por Shakhtar Donetsk, Everton, Sharjah e Panathinaikos. Ele retornou ao clube mineiro na temporada de 2024.<\/p>\n","protected":false},"excerpt":{"rendered":"Reprodu\u00e7\u00e3o\/Jovem Pan Edilson Capetinha foi o entrevista do programa &#8216;Reis da Resenha&#8217;, do Grupo Jovem Pan Participante do&hellip;\n","protected":false},"author":2,"featured_media":230471,"comment_status":"","ping_status":"","sticky":false,"template":"","format":"standard","meta":{"footnotes":""},"categories":[142],"tags":[114,115,32,33,151],"class_list":{"0":"post-230470","1":"post","2":"type-post","3":"status-publish","4":"format-standard","5":"has-post-thumbnail","7":"category-tv","8":"tag-entertainment","9":"tag-entretenimento","10":"tag-portugal","11":"tag-pt","12":"tag-tv"},"share_on_mastodon":{"url":"https:\/\/pubeurope.com\/@pt\/115900880210296025","error":""},"_links":{"self":[{"href":"https:\/\/www.europesays.com\/pt\/wp-json\/wp\/v2\/posts\/230470","targetHints":{"allow":["GET"]}}],"collection":[{"href":"https:\/\/www.europesays.com\/pt\/wp-json\/wp\/v2\/posts"}],"about":[{"href":"https:\/\/www.europesays.com\/pt\/wp-json\/wp\/v2\/types\/post"}],"author":[{"embeddable":true,"href":"https:\/\/www.europesays.com\/pt\/wp-json\/wp\/v2\/users\/2"}],"replies":[{"embeddable":true,"href":"https:\/\/www.europesays.com\/pt\/wp-json\/wp\/v2\/comments?post=230470"}],"version-history":[{"count":0,"href":"https:\/\/www.europesays.com\/pt\/wp-json\/wp\/v2\/posts\/230470\/revisions"}],"wp:featuredmedia":[{"embeddable":true,"href":"https:\/\/www.europesays.com\/pt\/wp-json\/wp\/v2\/media\/230471"}],"wp:attachment":[{"href":"https:\/\/www.europesays.com\/pt\/wp-json\/wp\/v2\/media?parent=230470"}],"wp:term":[{"taxonomy":"category","embeddable":true,"href":"https:\/\/www.europesays.com\/pt\/wp-json\/wp\/v2\/categories?post=230470"},{"taxonomy":"post_tag","embeddable":true,"href":"https:\/\/www.europesays.com\/pt\/wp-json\/wp\/v2\/tags?post=230470"}],"curies":[{"name":"wp","href":"https:\/\/api.w.org\/{rel}","templated":true}]}}