{"id":230501,"date":"2026-01-15T20:18:08","date_gmt":"2026-01-15T20:18:08","guid":{"rendered":"https:\/\/www.europesays.com\/pt\/230501\/"},"modified":"2026-01-15T20:18:08","modified_gmt":"2026-01-15T20:18:08","slug":"von-der-leyen-pede-aprovacao-rapida-na-ue-a-plano-portugues-para-defesa-apos-luz-verde-de-bruxelas-economia","status":"publish","type":"post","link":"https:\/\/www.europesays.com\/pt\/230501\/","title":{"rendered":"Von der Leyen pede aprova\u00e7\u00e3o r\u00e1pida na UE a plano portugu\u00eas para defesa ap\u00f3s luz verde de Bruxelas &#8211; Economia"},"content":{"rendered":"<p class=\"\">&#13;<br \/>\n        A presidente da Comiss\u00e3o Europeia pediu esta quinta-feira a r\u00e1pida aprova\u00e7\u00e3o pelo Conselho da Uni\u00e3o Europeia (UE) do plano portugu\u00eas para empr\u00e9stimos de 5,8 mil milh\u00f5es de euros na defesa, ap\u00f3s o aval de Bruxelas.&#13;\n    <\/p>\n<p class=\"\">&#13;<br \/>\n        &#8220;Os planos de oito Estados-membros [o de Portugal e mais sete] foram ontem [quarta-feira] aprovados na reuni\u00e3o do col\u00e9gio de comiss\u00e1rios e agora \u00e9 urgente que o Conselho aprove esses planos para permitir a aloca\u00e7\u00e3o de verbas&#8221;, afirmou Ursula von der Leyen, em confer\u00eancia de imprensa na cidade cipriota de Limassol, no \u00e2mbito da viagem do col\u00e9gio de comiss\u00e1rios a Chipre, que assume este semestre a presid\u00eancia do Conselho da Uni\u00e3o Europeia.&#13;\n    <\/p>\n<p class=\"\">&#13;<br \/>\n        A Comiss\u00e3o Europeia aprovou, na quarta-feira, o plano para Portugal aceder a 5,8 mil milh\u00f5es de euros em empr\u00e9stimos a condi\u00e7\u00f5es favor\u00e1veis para investir em capacidades de defesa, sendo este um dos oito pa\u00edses com aval preliminar (bem como Rom\u00e9nia, B\u00e9lgica, Bulg\u00e1ria, Chipre, Dinamarca, Espanha e Cro\u00e1cia) no \u00e2mbito do Instrumento de A\u00e7\u00e3o para a Seguran\u00e7a da Europa (SAFE).&#13;\n    <\/p>\n<p class=\"\">&#13;<br \/>\n        &#8220;No ano passado, ao n\u00edvel europeu, fizemos mais investimento em defesa do que nas d\u00e9cadas anteriores [&#8230;] e isso inclui os 150 mil milh\u00f5es de euros do programa SAFE&#8221;, adiantou Ursula von der Leyen.&#13;\n    <\/p>\n","protected":false},"excerpt":{"rendered":"&#13; A presidente da Comiss\u00e3o Europeia pediu esta quinta-feira a r\u00e1pida aprova\u00e7\u00e3o pelo Conselho da Uni\u00e3o Europeia (UE)&hellip;\n","protected":false},"author":2,"featured_media":230502,"comment_status":"","ping_status":"","sticky":false,"template":"","format":"standard","meta":{"footnotes":""},"categories":[50],"tags":[27,28,1835,5910,1834,31242,15,16,14,25,26,21,22,16648,62,12,13,19,20,32,23,24,17,18,29,30,31,636,1153,63,64,65],"class_list":{"0":"post-230501","1":"post","2":"type-post","3":"status-publish","4":"format-standard","5":"has-post-thumbnail","7":"category-mundo","8":"tag-breaking-news","9":"tag-breakingnews","10":"tag-bruxelas","11":"tag-chipre","12":"tag-comissao-europeia","13":"tag-conselho-da-uniao-europeia","14":"tag-featured-news","15":"tag-featurednews","16":"tag-headlines","17":"tag-latest-news","18":"tag-latestnews","19":"tag-main-news","20":"tag-mainnews","21":"tag-milhoes","22":"tag-mundo","23":"tag-news","24":"tag-noticias","25":"tag-noticias-principais","26":"tag-noticiasprincipais","27":"tag-portugal","28":"tag-principais-noticias","29":"tag-principaisnoticias","30":"tag-top-stories","31":"tag-topstories","32":"tag-ultimas","33":"tag-ultimas-noticias","34":"tag-ultimasnoticias","35":"tag-uniao-europeia","36":"tag-ursula-von-der-leyen","37":"tag-world","38":"tag-world-news","39":"tag-worldnews"},"share_on_mastodon":{"url":"","error":"Validation failed: Text character limit of 500 exceeded"},"_links":{"self":[{"href":"https:\/\/www.europesays.com\/pt\/wp-json\/wp\/v2\/posts\/230501","targetHints":{"allow":["GET"]}}],"collection":[{"href":"https:\/\/www.europesays.com\/pt\/wp-json\/wp\/v2\/posts"}],"about":[{"href":"https:\/\/www.europesays.com\/pt\/wp-json\/wp\/v2\/types\/post"}],"author":[{"embeddable":true,"href":"https:\/\/www.europesays.com\/pt\/wp-json\/wp\/v2\/users\/2"}],"replies":[{"embeddable":true,"href":"https:\/\/www.europesays.com\/pt\/wp-json\/wp\/v2\/comments?post=230501"}],"version-history":[{"count":0,"href":"https:\/\/www.europesays.com\/pt\/wp-json\/wp\/v2\/posts\/230501\/revisions"}],"wp:featuredmedia":[{"embeddable":true,"href":"https:\/\/www.europesays.com\/pt\/wp-json\/wp\/v2\/media\/230502"}],"wp:attachment":[{"href":"https:\/\/www.europesays.com\/pt\/wp-json\/wp\/v2\/media?parent=230501"}],"wp:term":[{"taxonomy":"category","embeddable":true,"href":"https:\/\/www.europesays.com\/pt\/wp-json\/wp\/v2\/categories?post=230501"},{"taxonomy":"post_tag","embeddable":true,"href":"https:\/\/www.europesays.com\/pt\/wp-json\/wp\/v2\/tags?post=230501"}],"curies":[{"name":"wp","href":"https:\/\/api.w.org\/{rel}","templated":true}]}}