{"id":230517,"date":"2026-01-15T20:34:08","date_gmt":"2026-01-15T20:34:08","guid":{"rendered":"https:\/\/www.europesays.com\/pt\/230517\/"},"modified":"2026-01-15T20:34:08","modified_gmt":"2026-01-15T20:34:08","slug":"policia-cerca-aviao-que-aterrou-de-emergencia-em-barcelona","status":"publish","type":"post","link":"https:\/\/www.europesays.com\/pt\/230517\/","title":{"rendered":"Pol\u00edcia cerca avi\u00e3o que aterrou de emerg\u00eancia em Barcelona"},"content":{"rendered":"<p>A pol\u00edcia espanhola cercou um avi\u00e3o de passageiros que aterrou, na manh\u00e3 desta quinta-feira, no aeroporto de Barcelona, em Espanha, devido a uma &#8220;amea\u00e7a a bordo&#8221;.<\/p>\n<p>O avi\u00e3o, que pertence \u00e0 companhia Turkish Airlines, partiu de Istambul e, pouco antes das 10h00 (hora local), come\u00e7ou a ser escoltado por avi\u00f5es militares espanh\u00f3is e franceses sobre o Mar Mediterr\u00e2neo, avan\u00e7am os meios espanh\u00f3is como o El Nacional.\u00a0<\/p>\n<p>O El Pais refere que o aparelho foi obrigado a aterrar no aeroporto de El Prat, na sequ\u00eancia de uma amea\u00e7a de bomba.<\/p>\n<p>Segundo fontes oficiais, o voo TK1853, um Airbus 321, teria partido de Istambul ao in\u00edcio da manh\u00e3 com uma dura\u00e7\u00e3o prevista de cerca de tr\u00eas horas e aterragem em Barcelona \u00e0s 10h30 [menos uma hora em Portugal Continental]. Foi \u00e0s dez horas, sobre o Mediterr\u00e2neo, que o protocolo de emerg\u00eancia foi ativado ap\u00f3s a rece\u00e7\u00e3o de uma amea\u00e7a de bomba, o que ativou a escolta militar.<\/p>\n<p>O aparelho deu v\u00e1rias voltas antes de aterrar e quando conseguiu foi cercado pela pol\u00edcia. O incidente obrigou tamb\u00e9m a ativar o protocolo de seguran\u00e7a do aeroporto espanhol.\u00a0<\/p>\n<p>A bordo seguiam 148 passageiros e sete tripulantes de bordo.<\/p>\n<p>O aparelho foi direcionado para uma zona de seguran\u00e7a, permitindo que as opera\u00e7\u00f5es do aeroporto retomassem a sua normalidade.<\/p>\n<p>Entretanto, o alerta foi desativado sem que tenha havido registo de nenhum incidente.<\/p>\n<p>[Not\u00edcia atualizada \u00e0s 14h31]<\/p>\n<p>Leia Tamb\u00e9m: <a href=\"https:\/\/www.noticiasaominuto.com\/mundo\/2918880\/homem-fica-preso-em-porao-de-aviao-passageiros-ouviram-no-a-gritar\" target=\"_blank\" rel=\"noopener noreferrer nofollow\">Homem fica preso em por\u00e3o de avi\u00e3o. Passageiros &#8220;ouviram-no a gritar&#8221;<\/a><\/p>\n","protected":false},"excerpt":{"rendered":"A pol\u00edcia espanhola cercou um avi\u00e3o de passageiros que aterrou, na manh\u00e3 desta quinta-feira, no aeroporto de Barcelona,&hellip;\n","protected":false},"author":2,"featured_media":230518,"comment_status":"","ping_status":"","sticky":false,"template":"","format":"standard","meta":{"footnotes":""},"categories":[50],"tags":[27,28,15,16,14,25,26,21,22,62,12,13,19,20,23,24,17,18,29,30,31,63,64,65],"class_list":{"0":"post-230517","1":"post","2":"type-post","3":"status-publish","4":"format-standard","5":"has-post-thumbnail","7":"category-mundo","8":"tag-breaking-news","9":"tag-breakingnews","10":"tag-featured-news","11":"tag-featurednews","12":"tag-headlines","13":"tag-latest-news","14":"tag-latestnews","15":"tag-main-news","16":"tag-mainnews","17":"tag-mundo","18":"tag-news","19":"tag-noticias","20":"tag-noticias-principais","21":"tag-noticiasprincipais","22":"tag-principais-noticias","23":"tag-principaisnoticias","24":"tag-top-stories","25":"tag-topstories","26":"tag-ultimas","27":"tag-ultimas-noticias","28":"tag-ultimasnoticias","29":"tag-world","30":"tag-world-news","31":"tag-worldnews"},"share_on_mastodon":{"url":"https:\/\/pubeurope.com\/@pt\/115901029694561857","error":""},"_links":{"self":[{"href":"https:\/\/www.europesays.com\/pt\/wp-json\/wp\/v2\/posts\/230517","targetHints":{"allow":["GET"]}}],"collection":[{"href":"https:\/\/www.europesays.com\/pt\/wp-json\/wp\/v2\/posts"}],"about":[{"href":"https:\/\/www.europesays.com\/pt\/wp-json\/wp\/v2\/types\/post"}],"author":[{"embeddable":true,"href":"https:\/\/www.europesays.com\/pt\/wp-json\/wp\/v2\/users\/2"}],"replies":[{"embeddable":true,"href":"https:\/\/www.europesays.com\/pt\/wp-json\/wp\/v2\/comments?post=230517"}],"version-history":[{"count":0,"href":"https:\/\/www.europesays.com\/pt\/wp-json\/wp\/v2\/posts\/230517\/revisions"}],"wp:featuredmedia":[{"embeddable":true,"href":"https:\/\/www.europesays.com\/pt\/wp-json\/wp\/v2\/media\/230518"}],"wp:attachment":[{"href":"https:\/\/www.europesays.com\/pt\/wp-json\/wp\/v2\/media?parent=230517"}],"wp:term":[{"taxonomy":"category","embeddable":true,"href":"https:\/\/www.europesays.com\/pt\/wp-json\/wp\/v2\/categories?post=230517"},{"taxonomy":"post_tag","embeddable":true,"href":"https:\/\/www.europesays.com\/pt\/wp-json\/wp\/v2\/tags?post=230517"}],"curies":[{"name":"wp","href":"https:\/\/api.w.org\/{rel}","templated":true}]}}