{"id":230523,"date":"2026-01-15T20:37:18","date_gmt":"2026-01-15T20:37:18","guid":{"rendered":"https:\/\/www.europesays.com\/pt\/230523\/"},"modified":"2026-01-15T20:37:18","modified_gmt":"2026-01-15T20:37:18","slug":"morte-de-filho-de-chimamanda-adichie-chama-atencao-para-sistema-de-saude-da-nigeria-familia-acusa-hospital-de-negligencia","status":"publish","type":"post","link":"https:\/\/www.europesays.com\/pt\/230523\/","title":{"rendered":"Morte de filho de Chimamanda Adichie chama aten\u00e7\u00e3o para sistema de sa\u00fade da Nig\u00e9ria; fam\u00edlia acusa hospital de neglig\u00eancia"},"content":{"rendered":"\n<ul class=\"content-unordered-list\">\n<li><strong>Caso em investiga\u00e7\u00e3o:<\/strong> <a class=\"\" href=\"https:\/\/oglobo.globo.com\/cultura\/livros\/noticia\/2026\/01\/13\/familia-de-chimamanda-ngozi-adichie-acusa-hospital-de-negligencia-por-morte-de-filho-de-1-ano-e-9-meses.ghtml\" rel=\"nofollow noopener\" target=\"_blank\">Fam\u00edlia de Chimamanda Ngozi Adichie acusa hospital de neglig\u00eancia por morte de filho de 1 ano e 9 meses<\/a><\/li>\n<li><strong>&#8216;Sobre her\u00f3is e tumbas&#8217;: <\/strong><a class=\"\" href=\"https:\/\/oglobo.globo.com\/cultura\/livros\/noticia\/2026\/01\/06\/critica-classico-de-ernesto-sabato-revela-obsessao-do-autor-por-retratar-a-si-mesmo-de-forma-transparente-e-consciente.ghtml\" rel=\"nofollow noopener\" target=\"_blank\">Cl\u00e1ssico de Ernesto Sabato revela obsess\u00e3o do autor por retratar a si mesmo de forma transparente e consciente<\/a><\/li>\n<\/ul>\n<p class=\" content-text__container \" data-track-category=\"Link no Texto\" data-track-links=\"\"> Ele havia sido levado ao local para exames diagn\u00f3sticos, incluindo uma resson\u00e2ncia magn\u00e9tica, com a previs\u00e3o de viajar posteriormente aos Estados Unidos para receber cuidados especializados, informou a fam\u00edlia. <\/p>\n<p class=\" content-text__container \" data-track-category=\"Link no Texto\" data-track-links=\"\"> Segundo um parente, Adichie e seu marido, o m\u00e9dico Ivara Esege, tentaram ter filhos durante oito anos. <\/p>\n<p class=\" content-text__container \" data-track-category=\"Link no Texto\" data-track-links=\"\"> A fam\u00edlia da escritora nigeriana e \u00edcone do feminismo <a class=\"\" href=\"https:\/\/oglobo.globo.com\/cultura\/livros\/noticia\/2026\/01\/13\/familia-de-chimamanda-ngozi-adichie-acusa-hospital-de-negligencia-por-morte-de-filho-de-1-ano-e-9-meses.ghtml\" rel=\"nofollow noopener\" target=\"_blank\">acusou o hospital de &#8220;neglig\u00eancia m\u00e9dica grave&#8221;<\/a>. A cunhada de Adichie, a m\u00e9dica e professora Anthea Esege Nwandu, disse que foi informada que a crian\u00e7a recebeu uma superdose de propofol para ser sedada e submetida a exames de resson\u00e2ncia magn\u00e9tica. Ela acusa o anestesista de ter sido &#8220;criminalmente negligente&#8221; e de n\u00e3o ter seguido o protocolo m\u00e9dico adequado. <\/p>\n<ul class=\"content-unordered-list\">\n<li><strong>Ateu e anticlerical: <\/strong><a class=\"\" href=\"https:\/\/oglobo.globo.com\/cultura\/livros\/noticia\/2026\/01\/07\/venezuelana-maria-elena-moran-reflete-sobre-a-ruina-de-seu-pais-em-livro-premiado-e-a-queda-de-um-ditador-so-que-do-pior-jeito.ghtml\" rel=\"nofollow noopener\" target=\"_blank\">Javier Cercas lan\u00e7a livro sobre Papa Francisco e explica por que escrever s\u00e9rie policial talvez o tenha livrado da cadeia<\/a><\/li>\n<\/ul>\n<p class=\" content-text__container \" data-track-category=\"Link no Texto\" data-track-links=\"\"> O beb\u00ea sofreu uma parada card\u00edaca quando o anestesista o levava no ombro, desconectado do ventilador, explicou a cunhada da escritora \u00e0 emissora de televis\u00e3o local TVC. Acrescentou, ainda, que o diretor m\u00e9dico do hospital lhe disse que &#8220;parece ter sido uma overdose de propofol&#8221;. <\/p>\n<p class=\" content-text__container \" data-track-category=\"Link no Texto\" data-track-links=\"\"> &#8220;Isto \u00e9 um chamado de aten\u00e7\u00e3o (&#8230;) para que n\u00f3s, a opini\u00e3o p\u00fablica (&#8230;) exijamos responsabilidade, transpar\u00eancia e consequ\u00eancias pela neglig\u00eancia em nosso sistema de sa\u00fade&#8221;, insistiu Nwandu. <\/p>\n<ul class=\"content-unordered-list\">\n<li><strong>O que ler em 2026:<\/strong> <a class=\"\" href=\"https:\/\/oglobo.globo.com\/cultura\/livros\/noticia\/2026\/01\/13\/o-que-ler-em-2026-confira-os-lancamentos-mais-aguardados-do-ano.ghtml\" rel=\"nofollow noopener\" target=\"_blank\">Confira os lan\u00e7amentos mais aguardados do ano<\/a><\/li>\n<\/ul>\n<p class=\" content-text__container \" data-track-category=\"Link no Texto\" data-track-links=\"\"> Adichie mora nos Estados Unidos, mas estava na Nig\u00e9ria para as festas de fim de ano. <\/p>\n<p class=\" content-text__container \" data-track-category=\"Link no Texto\" data-track-links=\"\"> Em uma mensagem de texto \u00e0 AFP, a porta-voz da fam\u00edlia, Omawumi Ogbe, afirma que foi &#8220;emitida uma notifica\u00e7\u00e3o judicial&#8221; ao hospital, sem fornecer mais detalhes. <\/p>\n<p class=\" content-text__container \" data-track-category=\"Link no Texto\" data-track-links=\"\"> O governo do estado de Lagos tamb\u00e9m ordenou uma investiga\u00e7\u00e3o sobre o ocorrido. <\/p>\n<p class=\" content-text__container \" data-track-category=\"Link no Texto\" data-track-links=\"\"> A Euracare n\u00e3o respondeu \u00e0s perguntas da AFP. <\/p>\n<p class=\" content-text__container \" data-track-category=\"Link no Texto\" data-track-links=\"\"> Chimamanda tem 48 anos e \u00e9 uma das mais festejadas ficcionistas da atualidade, cujo sucesso global ajudou a colocar o feminismo na ordem do dia do mercado editorial. \u00c9 autora de romances como \u201cMeio sol amarelo\u201d, \u201cAmericanah\u201d e \u201cA contagem dos sonhos\u201d, lan\u00e7ado no ano passado, al\u00e9m do ensaio \u201cSejamos todos feministas\u201d. <\/p>\n<ul class=\"content-unordered-list\">\n<li><strong>Curiosidade:<\/strong> <a class=\"\" href=\"https:\/\/oglobo.globo.com\/cultura\/livros\/noticia\/2026\/01\/08\/isabel-allende-mantem-tradicao-de-comecar-a-escrever-um-novo-livro-em-8-de-janeiro-entenda.ghtml\" rel=\"nofollow noopener\" target=\"_blank\">Isabel Allende mant\u00e9m tradi\u00e7\u00e3o de come\u00e7ar a escrever um novo livro em 8 de janeiro; entenda<\/a><\/li>\n<\/ul>\n<p class=\" content-text__container \" data-track-category=\"Link no Texto\" data-track-links=\"\"> <a class=\"\" href=\"https:\/\/oglobo.globo.com\/cultura\/noticia\/2025\/03\/05\/chimamanda-ngozi-adichie-independente-da-sua-opiniao-sobre-o-que-uma-mulher-disse-ou-fez-escute-a-versao-dela.ghtml\" rel=\"nofollow noopener\" target=\"_blank\">Em entrevista \u00e0 revista ELA<\/a>, editada pelo GLOBO, no ano passado, ela afirmou que ser m\u00e3e mudou sua vis\u00e3o de mundo. \u201cA maternidade me mostrou um amor que eu n\u00e3o conhecia. Me lembro de olhar para minha filha e me dar conta de que eu era respons\u00e1vel por esse ser humano e n\u00e3o havia nada que eu n\u00e3o faria por ela. Nunca fui ansiosa, mas descobri que a ansiedade est\u00e1 no centro do amor materno, voc\u00ea duvida de si mesma, da sua capacidade de proteger a crian\u00e7a\u201d, disse ela \u00e0 fil\u00f3sofa <a class=\"\" href=\"https:\/\/oglobo.globo.com\/cultura\/noticia\/2025\/04\/07\/djamila-ribeiro-discute-feminismo-a-partir-do-candomble-e-diz-que-muita-gente-ainda-usa-lugar-de-fala-para-fugir-do-debate-e-um-negacionismo.ghtml\" rel=\"nofollow noopener\" target=\"_blank\">Djamila Ribeiro<\/a>, que conduziu a entrevista. <\/p>\n<p class=\" content-text__container \" data-track-category=\"Link no Texto\" data-track-links=\"\"> \u201cSer m\u00e3e tamb\u00e9m me fez ter mais empatia com outras mulheres, julg\u00e1-las menos e entender como s\u00e3o complexas as escolhas de uma m\u00e3e. N\u00e3o \u00e9 saud\u00e1vel uma mulher ficar num relacionamento ruim por causa dos filhos, mas agora entendo como o amor por um filho pode te levar a tomar decis\u00f5es que n\u00e3o s\u00e3o necessariamente as melhores para voc\u00ea\u201d, completou a escritora, que tamb\u00e9m \u00e9 m\u00e3e de uma menina nascida em 2016. <\/p>\n<p>Desafios da sa\u00fade no pa\u00eds<\/p>\n<p class=\" content-text__container \" data-track-category=\"Link no Texto\" data-track-links=\"\"> O padr\u00e3o de atendimento m\u00e9dico na Nig\u00e9ria \u00e9 alvo de cr\u00edticas. No m\u00eas passado, o sistema de sa\u00fade voltou \u00e0s manchetes do pa\u00eds quando o ex-campe\u00e3o mundial de boxe dos pesos-pesados Anthony Joshua, um brit\u00e2nico de ascend\u00eancia nigeriana, saiu de um carro com dores, auxiliado por pedestres e sem ambul\u00e2ncia. <\/p>\n<p class=\" content-text__container \" data-track-category=\"Link no Texto\" data-track-links=\"\"> Nesta semana, o estado de Kano (norte) anunciou ter ordenado uma investiga\u00e7\u00e3o sobre a morte de uma mulher quatro meses depois que m\u00e9dicos deixarem uma tesoura em seu est\u00f4mago ap\u00f3s uma cirurgia. Apesar das queixas reiteradas de dores abdominais durante v\u00e1rias visitas ao hospital, os m\u00e9dicos apenas lhe administraram analg\u00e9sicos. A tesoura s\u00f3 foi vista dois dias antes de seu falecimento. <\/p>\n<p class=\" content-text__container \" data-track-category=\"Link no Texto\" data-track-links=\"\"> Casos de neglig\u00eancia e mau atendimento s\u00e3o recorrentes no pa\u00eds, afetado por um \u00eaxodo de m\u00e9dicos e enfermeiros qualificados que deixam a Nig\u00e9ria em busca de melhores sal\u00e1rios. Entre 15 mil e 16 mil m\u00e9dicos nigerianos emigraram entre 2020 e 2024, segundo o ministro da Sa\u00fade, Muhammad Ali Pate. A Nig\u00e9ria tem apenas 55 mil m\u00e9dicos para uma popula\u00e7\u00e3o de 220 milh\u00f5es de pessoas, informou este minist\u00e9rio em 2024. <\/p>\n","protected":false},"excerpt":{"rendered":"Caso em investiga\u00e7\u00e3o: Fam\u00edlia de Chimamanda Ngozi Adichie acusa hospital de neglig\u00eancia por morte de filho de 1&hellip;\n","protected":false},"author":2,"featured_media":230524,"comment_status":"","ping_status":"","sticky":false,"template":"","format":"standard","meta":{"footnotes":""},"categories":[145],"tags":[211,210,114,115,319,32,33,318],"class_list":{"0":"post-230523","1":"post","2":"type-post","3":"status-publish","4":"format-standard","5":"has-post-thumbnail","7":"category-celebridades","8":"tag-celebridades","9":"tag-celebrities","10":"tag-entertainment","11":"tag-entretenimento","12":"tag-hard-news","13":"tag-portugal","14":"tag-pt","15":"tag-radar"},"share_on_mastodon":{"url":"https:\/\/pubeurope.com\/@pt\/115901041370628228","error":""},"_links":{"self":[{"href":"https:\/\/www.europesays.com\/pt\/wp-json\/wp\/v2\/posts\/230523","targetHints":{"allow":["GET"]}}],"collection":[{"href":"https:\/\/www.europesays.com\/pt\/wp-json\/wp\/v2\/posts"}],"about":[{"href":"https:\/\/www.europesays.com\/pt\/wp-json\/wp\/v2\/types\/post"}],"author":[{"embeddable":true,"href":"https:\/\/www.europesays.com\/pt\/wp-json\/wp\/v2\/users\/2"}],"replies":[{"embeddable":true,"href":"https:\/\/www.europesays.com\/pt\/wp-json\/wp\/v2\/comments?post=230523"}],"version-history":[{"count":0,"href":"https:\/\/www.europesays.com\/pt\/wp-json\/wp\/v2\/posts\/230523\/revisions"}],"wp:featuredmedia":[{"embeddable":true,"href":"https:\/\/www.europesays.com\/pt\/wp-json\/wp\/v2\/media\/230524"}],"wp:attachment":[{"href":"https:\/\/www.europesays.com\/pt\/wp-json\/wp\/v2\/media?parent=230523"}],"wp:term":[{"taxonomy":"category","embeddable":true,"href":"https:\/\/www.europesays.com\/pt\/wp-json\/wp\/v2\/categories?post=230523"},{"taxonomy":"post_tag","embeddable":true,"href":"https:\/\/www.europesays.com\/pt\/wp-json\/wp\/v2\/tags?post=230523"}],"curies":[{"name":"wp","href":"https:\/\/api.w.org\/{rel}","templated":true}]}}