{"id":230525,"date":"2026-01-15T20:41:11","date_gmt":"2026-01-15T20:41:11","guid":{"rendered":"https:\/\/www.europesays.com\/pt\/230525\/"},"modified":"2026-01-15T20:41:11","modified_gmt":"2026-01-15T20:41:11","slug":"harry-styles-novo-album-kiss-all-the-time-disco-occasionally","status":"publish","type":"post","link":"https:\/\/www.europesays.com\/pt\/230525\/","title":{"rendered":"Harry Styles novo \u00e1lbum | Kiss All the Time. Disco, Occasionally"},"content":{"rendered":"<p>Harry Styles novo \u00e1lbum | Kiss All the Time. Disco, Occasionally<\/p>\n<p>\n      Kiss All the Time. Disco, Occasionally sai no dia 6 de mar\u00e7o\n    <\/p>\n<p>      <img decoding=\"async\" class=\"reading-time__icon\" src=\"https:\/\/cdn.ome.lt\/static\/omelete25\/img\/clock-icon.svg\" alt=\"Omelete\"\/><\/p>\n<p>\n        1 min de leitura\n      <\/p>\n<p>            <img loading=\"lazy\" decoding=\"async\" class=\"action-buttons__icon\" src=\"https:\/\/cdn.ome.lt\/static\/omelete25\/img\/share-icon.svg\" alt=\"\u00cdcone compartilhamento\" width=\"24\" height=\"24\"\/><\/p>\n<p>        Compartilhar<\/p>\n<p>  <img decoding=\"async\" src=\"https:\/\/cdn.ome.lt\/static\/omelete\/img\/loading.svg\" alt=\"\"\/><\/p>\n<p>  <img decoding=\"async\" class=\"article__cover__image\" data-lazy-src-mob=\"\/\/cdn.ome.lt\/3YHfxI0U3IMsV0CrFV1YLecsrmE=\/570x0\/smart\/filters:format(webp)\/uploads\/conteudo\/fotos\/harry_co6vWWa.jpg\" data-lazy-src=\"https:\/\/cdn.ome.lt\/xyNOtR1Asvf4oqKSyngbKG0cHcU=\/987x0\/smart\/filters:format(webp)\/uploads\/conteudo\/fotos\/harry_co6vWWa.jpg\" src=\"data:image\/png;base64,iVBORw0KGgoAAAANSUhEUgAAAAEAAAABCAQAAAC1HAwCAAAAC0lEQVR42mNkYAAAAAYAAjCB0C8AAAAASUVORK5CYII=\" alt=\"Harry Styles (Divulga\u00e7\u00e3o)\" title=\"Harry Styles (Divulga\u00e7\u00e3o)\" width=\"987\" height=\"555\" fetchpriority=\"high\"\/><\/p>\n<p class=\"article__cover__credits\">\n  Cr\u00e9ditos da imagem:<br \/>\n  Harry Styles (Divulga\u00e7\u00e3o)\n<\/p>\n<p><strong>Harry Styles\u00a0<\/strong>anunciou o seu novo \u00e1lbum. <strong>Kiss All the Time. Disco, Occasionally\u00a0<\/strong>ser\u00e1 lan\u00e7ado no dia\u00a0<strong>6 de mar\u00e7o<\/strong> &#8211; confira abaixo a capa do disco.<\/p>\n<p>            Continua depois da Publicidade<\/p>\n<p>Kiss All the Time. Disco, Occasionally\u00a0ter\u00e1 12 faixas ao todo, com produ\u00e7\u00e3o de <strong>Kid Harpoon<\/strong> &#8211; que tem trabalhado com o brit\u00e2nico\u00a0desde o seu primeiro disco, de 2017.<\/p>\n<p>O \u00faltimo \u00e1lbum de est\u00fadio de Styles foi\u00a0Harry&#8217;s House\u00a0(2022), que rendeu o hit &#8220;<a href=\"https:\/\/www.youtube.com\/watch?v=H5v3kku4y6Q\" rel=\"noopener nofollow\" target=\"_blank\">As It Was<\/a>&#8221; e venceu o\u00a0<strong>Grammy<\/strong> de \u00c1lbum do Ano em 2023.<\/p>\n<p>Kiss All the Time\u00a0ser\u00e1 o quatro disco solo do cantor. Entre 2010 e 2016, Styles fez parte do grupo One Direction, que eternizou hits como &#8220;<a href=\"https:\/\/www.youtube.com\/watch?v=QJO3ROT-A4E\" rel=\"noopener nofollow\" target=\"_blank\">What Makes You Beautiful<\/a>&#8221; e &#8220;<a href=\"https:\/\/www.youtube.com\/watch?v=UpsKGvPjAgw\" rel=\"noopener nofollow\" target=\"_blank\">Steal My Girl<\/a>&#8220;.<\/p>\n<p>          Omelete Recomenda<\/p>\n<p class=\"lgpd__text\">\n      Ao continuar navegando, declaro que estou ciente e concordo com a nossa<br \/>\n      <a class=\"lgpd__link\" href=\"https:\/\/www.omeletecompany.com\/politica-privacidade\" target=\"_blank\" rel=\"nofollow noopener\">Pol\u00edtica de Privacidade<\/a><br \/>\n      bem como manifesto o consentimento quanto ao fornecimento e tratamento dos dados e cookies para as finalidades ali<br \/>\n      constantes.\n    <\/p>\n<p>    Aceitar<\/p>\n","protected":false},"excerpt":{"rendered":"Harry Styles novo \u00e1lbum | Kiss All the Time. Disco, Occasionally Kiss All the Time. Disco, Occasionally sai&hellip;\n","protected":false},"author":2,"featured_media":230526,"comment_status":"","ping_status":"","sticky":false,"template":"","format":"standard","meta":{"footnotes":""},"categories":[141],"tags":[114,115,149,150,32,33],"class_list":{"0":"post-230525","1":"post","2":"type-post","3":"status-publish","4":"format-standard","5":"has-post-thumbnail","7":"category-musica","8":"tag-entertainment","9":"tag-entretenimento","10":"tag-music","11":"tag-musica","12":"tag-portugal","13":"tag-pt"},"share_on_mastodon":{"url":"https:\/\/pubeurope.com\/@pt\/115901058485683195","error":""},"_links":{"self":[{"href":"https:\/\/www.europesays.com\/pt\/wp-json\/wp\/v2\/posts\/230525","targetHints":{"allow":["GET"]}}],"collection":[{"href":"https:\/\/www.europesays.com\/pt\/wp-json\/wp\/v2\/posts"}],"about":[{"href":"https:\/\/www.europesays.com\/pt\/wp-json\/wp\/v2\/types\/post"}],"author":[{"embeddable":true,"href":"https:\/\/www.europesays.com\/pt\/wp-json\/wp\/v2\/users\/2"}],"replies":[{"embeddable":true,"href":"https:\/\/www.europesays.com\/pt\/wp-json\/wp\/v2\/comments?post=230525"}],"version-history":[{"count":0,"href":"https:\/\/www.europesays.com\/pt\/wp-json\/wp\/v2\/posts\/230525\/revisions"}],"wp:featuredmedia":[{"embeddable":true,"href":"https:\/\/www.europesays.com\/pt\/wp-json\/wp\/v2\/media\/230526"}],"wp:attachment":[{"href":"https:\/\/www.europesays.com\/pt\/wp-json\/wp\/v2\/media?parent=230525"}],"wp:term":[{"taxonomy":"category","embeddable":true,"href":"https:\/\/www.europesays.com\/pt\/wp-json\/wp\/v2\/categories?post=230525"},{"taxonomy":"post_tag","embeddable":true,"href":"https:\/\/www.europesays.com\/pt\/wp-json\/wp\/v2\/tags?post=230525"}],"curies":[{"name":"wp","href":"https:\/\/api.w.org\/{rel}","templated":true}]}}