{"id":230527,"date":"2026-01-15T20:42:20","date_gmt":"2026-01-15T20:42:20","guid":{"rendered":"https:\/\/www.europesays.com\/pt\/230527\/"},"modified":"2026-01-15T20:42:20","modified_gmt":"2026-01-15T20:42:20","slug":"viva-o-cinema-o-diario-de-pilar-na-amazonia-promete-encantar-toda-a-familia-nestas-ferias","status":"publish","type":"post","link":"https:\/\/www.europesays.com\/pt\/230527\/","title":{"rendered":"Viva o cinema! \u00bb \u201cO Di\u00e1rio de Pilar na Amaz\u00f4nia\u201d promete encantar toda a fam\u00edlia nestas f\u00e9rias!"},"content":{"rendered":"<p>As f\u00e9rias ficam ainda mais especiais com uma aventura cheia de magia, amizade e descobertas.<\/p>\n<p>\u201c<a href=\"https:\/\/moviecom.com.br\/?filmes=o-diario-de-pilar-na-amazonia\" rel=\"nofollow noopener\" target=\"_blank\"><strong>O Di\u00e1rio de Pilar na Amaz\u00f4nia<\/strong><\/a>\u201d estreia na Moviecom como uma das grandes apostas da temporada para divertir crian\u00e7as, encantar adultos e reunir toda a fam\u00edlia em uma experi\u00eancia inesquec\u00edvel nas telonas.<\/p>\n<p><img loading=\"lazy\" decoding=\"async\" class=\"aligncenter\" src=\"https:\/\/www.europesays.com\/pt\/wp-content\/uploads\/2026\/01\/pilar-floresta-lauracampanella-lcs03095.jpeg\" width=\"666\" height=\"444\"\/><\/p>\n<p>A hist\u00f3ria acompanha Pilar, uma jovem curiosa e cheia de imagina\u00e7\u00e3o que adora explorar o mundo ao seu redor. Presenteada pelo av\u00f4 com uma rede m\u00e1gica, ela embarca em uma viagem surpreendente at\u00e9 a floresta amaz\u00f4nica. \u00c9 l\u00e1 que Pilar conhece Maiara, uma menina ribeirinha que enfrenta uma dura realidade ap\u00f3s sua comunidade ser destru\u00edda.<\/p>\n<p>Em meio a paisagens exuberantes, muita aventura e encontros com seres do folclore brasileiro, Pilar, seu insepar\u00e1vel gato Samba e seus amigos se unem em uma miss\u00e3o emocionante: ajudar Maiara a reencontrar sua fam\u00edlia e impedir o desmatamento da floresta, refor\u00e7ando valores como amizade, empatia, coragem e respeito \u00e0 natureza.<\/p>\n<p><img loading=\"lazy\" decoding=\"async\" class=\"aligncenter\" src=\"https:\/\/www.europesays.com\/pt\/wp-content\/uploads\/2026\/01\/O-Diario-de-Pilar-na-Amazonia-02.jpg\" width=\"666\" height=\"444\"\/><\/p>\n<p>Baseado na consagrada s\u00e9rie de livros infantis de Fl\u00e1via Lins e Silva, o filme transforma as p\u00e1ginas queridas pelos f\u00e3s em uma experi\u00eancia visual envolvente, colorida e cheia de significado. Uma hist\u00f3ria que diverte, emociona e tamb\u00e9m convida \u00e0 reflex\u00e3o.<\/p>\n<p>De forma sens\u00edvel e acess\u00edvel, o filme convida crian\u00e7as e adolescentes a refletirem sobre temas importantes como a consci\u00eancia ambiental e preserva\u00e7\u00e3o da floresta Amaz\u00f4nica.<\/p>\n<p><img loading=\"lazy\" decoding=\"async\" class=\"aligncenter\" src=\"https:\/\/www.europesays.com\/pt\/wp-content\/uploads\/2026\/01\/O-Diario-de-Pilar-na-Amazonia-_-Lina-Flor-Miguel-Soares-Sophia-Ataide-e-Thulio-Naab-Credito_-Helena-.jpeg\" width=\"666\" height=\"444\"\/><\/p>\n<p>O longa ainda conta com linguagem acess\u00edvel, paisagens exuberantes e coloridas e personagens carism\u00e1ticos, sendo\u00a0a escolha perfeita para quem procura um programa leve, educativo e cheio de fantasia durante as f\u00e9rias escolares.<\/p>\n<p>Garanta seu<a href=\"http:\/\/moviecom.com.br\/venda\" rel=\"nofollow noopener\" target=\"_blank\"><strong> ingresso<\/strong><\/a> e traga a fam\u00edlia para curtir um cineminha e viver essa aventura m\u00e1gica nas telonas!<\/p>\n<p>COMPARTILHAR<\/p>\n","protected":false},"excerpt":{"rendered":"As f\u00e9rias ficam ainda mais especiais com uma aventura cheia de magia, amizade e descobertas. \u201cO Di\u00e1rio de&hellip;\n","protected":false},"author":2,"featured_media":230528,"comment_status":"","ping_status":"","sticky":false,"template":"","format":"standard","meta":{"footnotes":""},"categories":[140],"tags":[114,115,147,148,146,32,33],"class_list":{"0":"post-230527","1":"post","2":"type-post","3":"status-publish","4":"format-standard","5":"has-post-thumbnail","7":"category-filmes","8":"tag-entertainment","9":"tag-entretenimento","10":"tag-film","11":"tag-filmes","12":"tag-movies","13":"tag-portugal","14":"tag-pt"},"share_on_mastodon":{"url":"https:\/\/pubeurope.com\/@pt\/115901061099467453","error":""},"_links":{"self":[{"href":"https:\/\/www.europesays.com\/pt\/wp-json\/wp\/v2\/posts\/230527","targetHints":{"allow":["GET"]}}],"collection":[{"href":"https:\/\/www.europesays.com\/pt\/wp-json\/wp\/v2\/posts"}],"about":[{"href":"https:\/\/www.europesays.com\/pt\/wp-json\/wp\/v2\/types\/post"}],"author":[{"embeddable":true,"href":"https:\/\/www.europesays.com\/pt\/wp-json\/wp\/v2\/users\/2"}],"replies":[{"embeddable":true,"href":"https:\/\/www.europesays.com\/pt\/wp-json\/wp\/v2\/comments?post=230527"}],"version-history":[{"count":0,"href":"https:\/\/www.europesays.com\/pt\/wp-json\/wp\/v2\/posts\/230527\/revisions"}],"wp:featuredmedia":[{"embeddable":true,"href":"https:\/\/www.europesays.com\/pt\/wp-json\/wp\/v2\/media\/230528"}],"wp:attachment":[{"href":"https:\/\/www.europesays.com\/pt\/wp-json\/wp\/v2\/media?parent=230527"}],"wp:term":[{"taxonomy":"category","embeddable":true,"href":"https:\/\/www.europesays.com\/pt\/wp-json\/wp\/v2\/categories?post=230527"},{"taxonomy":"post_tag","embeddable":true,"href":"https:\/\/www.europesays.com\/pt\/wp-json\/wp\/v2\/tags?post=230527"}],"curies":[{"name":"wp","href":"https:\/\/api.w.org\/{rel}","templated":true}]}}