{"id":230542,"date":"2026-01-15T20:51:09","date_gmt":"2026-01-15T20:51:09","guid":{"rendered":"https:\/\/www.europesays.com\/pt\/230542\/"},"modified":"2026-01-15T20:51:09","modified_gmt":"2026-01-15T20:51:09","slug":"bbb-26-em-troca-de-visibilidade-pedro-expoe-esposa-ao-falar-de-traicao","status":"publish","type":"post","link":"https:\/\/www.europesays.com\/pt\/230542\/","title":{"rendered":"BBB 26: em troca de visibilidade, Pedro exp\u00f5e esposa ao falar de trai\u00e7\u00e3o"},"content":{"rendered":"<p>                                <img decoding=\"async\" fetchpriority=\"high\" width=\"1280\" height=\"720\" src=\"https:\/\/www.europesays.com\/pt\/wp-content\/uploads\/2026\/01\/Captura-de-tela-2026-01-15-151527.jpg\" alt=\"Pedro do BBB26\" class=\"media \"\/>                Pedro do BBB26\u00a0(Reprodu\u00e7\u00e3o\/TV Globo)<\/p>\n<p>                    Continua ap\u00f3s publicidade<\/p>\n<p style=\"text-align: justify;\">O participante <strong>Pedro Henrique Esp\u00edndola<\/strong>, do <a href=\"https:\/\/veja.abril.com.br\/coluna\/veja-gente\/bbb-26-polarizado-a-delicada-posicao-politica-dos-participantes\/\" rel=\"nofollow noopener\" target=\"_blank\">BBB 26<\/a>, exp\u00f4s que j\u00e1 traiu a mulher <strong>Rayne Luiza<\/strong>, com quem \u00e9 casado h\u00e1 pouco mais de dois anos, e foi perdoado. O relato foi feito durante uma conversa com <strong>Br\u00edgido Neto<\/strong>. O curitibano chorou ao falar sobre o epis\u00f3dio e destacou a gratid\u00e3o que sente pela parceira, que est\u00e1 gr\u00e1vida da primeira filha do casal, <strong>Aurora<\/strong>. \u201cSabe o que fico mais de cara? \u00c9 que a minha esposa faz tudo pela fam\u00edlia, entendeu? Acho que ela chegou no limite. Ela aceitou um neg\u00f3cio que eu nunca aceitaria. Por causa da fam\u00edlia. Eu nunca, mano. Se ela pensar em conversar com algu\u00e9m. Voc\u00ea v\u00ea como o mundo \u00e9 diferente, mano? Se ela chegar e eu pensar que ela est\u00e1 conversando com outro homem, para mim acabou. Mas eu j\u00e1 tra\u00ed a minha esposa com outra mulher e ela se sujeitou a aceitar isso por causa da nossa fam\u00edlia. Aqui dentro n\u00e3o posso perder minha fam\u00edlia. Prefiro perder os 5 milh\u00f5es de reais do que perder minha fam\u00edlia\u201d.<\/p>\n<p style=\"text-align: justify;\">Depois, em conversa com<strong> Breno<\/strong>, Pedro confessou estar ansioso e demonstrou receio em rela\u00e7\u00e3o \u00e0 revela\u00e7\u00e3o que fez a Br\u00edgido. \u201c\u00c9 que tem um neg\u00f3cio muito \u00edntimo. J\u00e1 tra\u00ed minha esposa, entendeu? E abri isso aqui no jogo. \u00c9 igual falaram, tenho que tomar cuidado para quem falo isso, entendeu? Isso \u00e9 um neg\u00f3cio que, se a pessoa usar isso contra mim\u201d, desabafou.<\/p>\n<p style=\"text-align: justify;\">Pedro Henrique, que tem 22 anos, \u00e9 vendedor ambulante de flores e trufas. Ele tem uma floricultura digital e j\u00e1 chegou a morar em um canteiro de obras, p\u00f3s se desentender com o pai, na adolesc\u00eancia. Nascido em Colombo, na Regi\u00e3o Metropolitana de Curitiba (RMC), ele mora na capital paranaense.<\/p>\n","protected":false},"excerpt":{"rendered":"Pedro do BBB26\u00a0(Reprodu\u00e7\u00e3o\/TV Globo) Continua ap\u00f3s publicidade O participante Pedro Henrique Esp\u00edndola, do BBB 26, exp\u00f4s que j\u00e1&hellip;\n","protected":false},"author":2,"featured_media":230543,"comment_status":"","ping_status":"","sticky":false,"template":"","format":"standard","meta":{"footnotes":""},"categories":[145],"tags":[211,210,114,115,32,33],"class_list":{"0":"post-230542","1":"post","2":"type-post","3":"status-publish","4":"format-standard","5":"has-post-thumbnail","7":"category-celebridades","8":"tag-celebridades","9":"tag-celebrities","10":"tag-entertainment","11":"tag-entretenimento","12":"tag-portugal","13":"tag-pt"},"share_on_mastodon":{"url":"https:\/\/pubeurope.com\/@pt\/115901096449613812","error":""},"_links":{"self":[{"href":"https:\/\/www.europesays.com\/pt\/wp-json\/wp\/v2\/posts\/230542","targetHints":{"allow":["GET"]}}],"collection":[{"href":"https:\/\/www.europesays.com\/pt\/wp-json\/wp\/v2\/posts"}],"about":[{"href":"https:\/\/www.europesays.com\/pt\/wp-json\/wp\/v2\/types\/post"}],"author":[{"embeddable":true,"href":"https:\/\/www.europesays.com\/pt\/wp-json\/wp\/v2\/users\/2"}],"replies":[{"embeddable":true,"href":"https:\/\/www.europesays.com\/pt\/wp-json\/wp\/v2\/comments?post=230542"}],"version-history":[{"count":0,"href":"https:\/\/www.europesays.com\/pt\/wp-json\/wp\/v2\/posts\/230542\/revisions"}],"wp:featuredmedia":[{"embeddable":true,"href":"https:\/\/www.europesays.com\/pt\/wp-json\/wp\/v2\/media\/230543"}],"wp:attachment":[{"href":"https:\/\/www.europesays.com\/pt\/wp-json\/wp\/v2\/media?parent=230542"}],"wp:term":[{"taxonomy":"category","embeddable":true,"href":"https:\/\/www.europesays.com\/pt\/wp-json\/wp\/v2\/categories?post=230542"},{"taxonomy":"post_tag","embeddable":true,"href":"https:\/\/www.europesays.com\/pt\/wp-json\/wp\/v2\/tags?post=230542"}],"curies":[{"name":"wp","href":"https:\/\/api.w.org\/{rel}","templated":true}]}}