{"id":230544,"date":"2026-01-15T20:54:12","date_gmt":"2026-01-15T20:54:12","guid":{"rendered":"https:\/\/www.europesays.com\/pt\/230544\/"},"modified":"2026-01-15T20:54:12","modified_gmt":"2026-01-15T20:54:12","slug":"quilos-mortais-veja-fotos-de-como-esta-tiffany-que-pesava-305-kg","status":"publish","type":"post","link":"https:\/\/www.europesays.com\/pt\/230544\/","title":{"rendered":"&#8220;Quilos Mortais&#8221;: veja fotos de como est\u00e1 Tiffany, que pesava 305 kg"},"content":{"rendered":"<p class=\"my-5 break-words group-[.isActiveSource]:text-xl\"><strong class=\"group-[.isActiveSource]:text-xl group-[.isActiveSource]:font-bold\">Tiffany Barker<\/strong> foi a personagens de um epis\u00f3dio da s\u00e9tima temporada do reality show de emagrecimento <strong class=\"group-[.isActiveSource]:text-xl group-[.isActiveSource]:font-bold\">Quilos Mortais. Ela pesava 305 quilos<\/strong> e foi buscar acompanhamento para mudar seus costumes.<\/p>\n<p class=\"my-5 break-words group-[.isActiveSource]:text-xl\">A jovem usava <a href=\"https:\/\/www.cnnbrasil.com.br\/entretenimento\/quilos-mortais-relembre-historias-marcantes-do-reality\/\" target=\"_blank\" rel=\"noopener noreferrer nofollow\" class=\"text-red-600 underline hover:text-red-500 font-medium break-words group-[.isActiveSource]:text-xl\">comida <\/a>como ref\u00fagio para seus traumas e car\u00eancias afetivas e dependia do namorado at\u00e9 para sair da cama. Ap\u00f3s ter o diagn\u00f3stico de c\u00e1lculo na ves\u00edcula, ela resolveu procurar a ajuda do <a href=\"https:\/\/www.cnnbrasil.com.br\/entretenimento\/por-onde-anda-o-dr-now-medico-de-quilos-mortais\/\" target=\"_blank\" rel=\"noopener noreferrer nofollow\" class=\"text-red-600 underline hover:text-red-500 font-medium break-words group-[.isActiveSource]:text-xl\">Dr. Now<\/a> para fazer uma cirurgia bari\u00e1trica e salvar sua vida.<\/p>\n<p class=\"my-5 break-words group-[.isActiveSource]:text-xl\">Com 29 anos, Tiffany fez acompanhamento psicol\u00f3gico e descobriu que sua compuls\u00e3o por comida tinha ra\u00edzes no comportamento abusivo de seu pai &#8212; que tamb\u00e9m sofria com a obesidade m\u00f3rbida.<\/p>\n<p class=\"my-5 break-words group-[.isActiveSource]:text-xl\">A jovem, ent\u00e3o, usava a alimenta\u00e7\u00e3o como fuga, o que a causou graves complica\u00e7\u00f5es de sa\u00fade e dores no corpo.<\/p>\n<p class=\"my-5 break-words group-[.isActiveSource]:text-xl\">Enquanto estava sob a supervis\u00e3o do Dr. Now, Tiffany perdeu mais de 45 quilos nos primeiros meses e depois, emagreceu mais, terminando o epis\u00f3dio do reality com 187 quilos.<\/p>\n<p class=\"my-5 break-words group-[.isActiveSource]:text-xl\">Em suas redes sociais, a participante de Quilos Mortais assumiu que, ap\u00f3s terminar seu relacionamento e sofrer um acidente de carro, a compuls\u00e3o retornou e em mar\u00e7o de 2023 ela voltou para os 217 quilos.<\/p>\n<p class=\"my-5 break-words group-[.isActiveSource]:text-xl\">Entretanto, disse que estava voltando aos h\u00e1bitos saud\u00e1veis e perdendo peso novamente.<\/p>\n<p class=\"my-5 break-words group-[.isActiveSource]:text-xl\">&#8220;Estou apenas tentando viver minha vida ao m\u00e1ximo a cada dia, rir como se ningu\u00e9m estivesse vendo e amar como se meu amor fosse salvar o mundo&#8221;, diz a biografia de sua conta no Instagram.<\/p>\n<p class=\"my-5 break-words group-[.isActiveSource]:text-xl\">Tiffany costuma compartilhar v\u00eddeos interpretando dublagens, fazendo coreografias, mostrando seu cachorrinho, registros de viagens e shows.<\/p>\n<p class=\"my-5 break-words my-5 break-words group-[.isActiveSource]:text-xl\">O epis\u00f3dio de Quilos Mortais que conta a hist\u00f3ria de Tiffany ser\u00e1 transmitido na TV Record nesta sexta-feira (16), \u00e0s 23h, ap\u00f3s o reality show Power Couple Brasil.<\/p>\n","protected":false},"excerpt":{"rendered":"Tiffany Barker foi a personagens de um epis\u00f3dio da s\u00e9tima temporada do reality show de emagrecimento Quilos Mortais.&hellip;\n","protected":false},"author":2,"featured_media":230545,"comment_status":"","ping_status":"","sticky":false,"template":"","format":"standard","meta":{"footnotes":""},"categories":[142],"tags":[114,115,32,33,151],"class_list":{"0":"post-230544","1":"post","2":"type-post","3":"status-publish","4":"format-standard","5":"has-post-thumbnail","7":"category-tv","8":"tag-entertainment","9":"tag-entretenimento","10":"tag-portugal","11":"tag-pt","12":"tag-tv"},"share_on_mastodon":{"url":"https:\/\/pubeurope.com\/@pt\/115901108422299989","error":""},"_links":{"self":[{"href":"https:\/\/www.europesays.com\/pt\/wp-json\/wp\/v2\/posts\/230544","targetHints":{"allow":["GET"]}}],"collection":[{"href":"https:\/\/www.europesays.com\/pt\/wp-json\/wp\/v2\/posts"}],"about":[{"href":"https:\/\/www.europesays.com\/pt\/wp-json\/wp\/v2\/types\/post"}],"author":[{"embeddable":true,"href":"https:\/\/www.europesays.com\/pt\/wp-json\/wp\/v2\/users\/2"}],"replies":[{"embeddable":true,"href":"https:\/\/www.europesays.com\/pt\/wp-json\/wp\/v2\/comments?post=230544"}],"version-history":[{"count":0,"href":"https:\/\/www.europesays.com\/pt\/wp-json\/wp\/v2\/posts\/230544\/revisions"}],"wp:featuredmedia":[{"embeddable":true,"href":"https:\/\/www.europesays.com\/pt\/wp-json\/wp\/v2\/media\/230545"}],"wp:attachment":[{"href":"https:\/\/www.europesays.com\/pt\/wp-json\/wp\/v2\/media?parent=230544"}],"wp:term":[{"taxonomy":"category","embeddable":true,"href":"https:\/\/www.europesays.com\/pt\/wp-json\/wp\/v2\/categories?post=230544"},{"taxonomy":"post_tag","embeddable":true,"href":"https:\/\/www.europesays.com\/pt\/wp-json\/wp\/v2\/tags?post=230544"}],"curies":[{"name":"wp","href":"https:\/\/api.w.org\/{rel}","templated":true}]}}