{"id":230546,"date":"2026-01-15T20:55:15","date_gmt":"2026-01-15T20:55:15","guid":{"rendered":"https:\/\/www.europesays.com\/pt\/230546\/"},"modified":"2026-01-15T20:55:15","modified_gmt":"2026-01-15T20:55:15","slug":"a-musica-preferida-de-billy-corgan-do-smashing-pumpkins","status":"publish","type":"post","link":"https:\/\/www.europesays.com\/pt\/230546\/","title":{"rendered":"A m\u00fasica preferida de Billy Corgan, do Smashing Pumpkins"},"content":{"rendered":"<p><strong>Billy Corgan<\/strong> n\u00e3o pensou duas vezes antes de cravar qual \u00e9 sua m\u00fasica favorita da vida.<\/p>\n<p>Em uma entrevista do ano passado para o podcast <strong>Totally Committed<\/strong>, da banda <strong><a href=\"https:\/\/www.youtube.com\/channel\/UC6nHSpckOIcVmMfl_878Vuw\" target=\"_blank\" rel=\"noreferrer noopener nofollow\">AWOLNATION<\/a><\/strong>, o frontman do<strong> Smashing Pumpkins <\/strong>foi questionado sobre sua can\u00e7\u00e3o preferida e, claro, que jusificasse sua resposta. A escolhida foi \u201cStrawberry Fields Forever\u201d, faixa dos <strong><a href=\"https:\/\/www.tenhomaisdiscosqueamigos.com\/?s=beatles\" target=\"_blank\" rel=\"noreferrer noopener nofollow\">Beatles<\/a><\/strong> lan\u00e7ada em 1967 como single junto de \u201cPenny Lane\u201d, e que ganhou at\u00e9 clipe (assista ao fim da mat\u00e9ria).<\/p>\n<p>Ap\u00f3s ouvir a pergunta, Corgan disse:<\/p>\n<blockquote class=\"wp-block-quote is-layout-flow wp-block-quote-is-layout-flow\">\n<p><strong>Se voc\u00ea me pedir para escolher uma m\u00fasica, s\u00f3 uma m\u00fasica, acho que eu escolheria \u2018Strawberry Fields\u2019, dos Beatles, porque pra mim esse \u00e9 o single perfeito. No sentido de que \u00e9 uma m\u00fasica pop incr\u00edvel, \u00e9 inovadora.<\/strong><\/p>\n<\/blockquote>\n<p>O m\u00fasico ainda continua:<\/p>\n<blockquote class=\"wp-block-quote is-layout-flow wp-block-quote-is-layout-flow\">\n<p><strong>Ela satisfaz esse equil\u00edbrio incr\u00edvel que eles conseguiam \u00e0s vezes onde [a m\u00fasica] \u00e9 tanto \u2018high art\u2019 quanto pop. E eu amo pop e amo \u2018high art\u2019, mas tem algo quando voc\u00ea junta as duas coisas que, para mim, \u00e9 o ponto ideal.<\/strong><\/p>\n<\/blockquote>\n<p>Quando o entrevistador deu a op\u00e7\u00e3o de Billy Corgan escolher uma m\u00fasica como \u201cbackup\u201d, o artista revidou: \u201cN\u00e3o, n\u00e3o quero ser um daqueles caras. Estou totalmente comprometido com essa m\u00fasica\u201d.<\/p>\n<p>Justo! Confira o trecho da entrevista logo abaixo.<\/p>\n<p>Billy Corgan revela m\u00fasica favorita<\/p>\n<blockquote class=\"instagram-media\" data-instgrm-captioned=\"\" data-instgrm-permalink=\"https:\/\/www.instagram.com\/reel\/DFGYi_qNExp\/?utm_source=ig_embed&amp;utm_campaign=loading\" data-instgrm-version=\"14\" style=\" background:#FFF; border:0; border-radius:3px; box-shadow:0 0 1px 0 rgba(0,0,0,0.5),0 1px 10px 0 rgba(0,0,0,0.15); margin: 1px; max-width:540px; min-width:326px; padding:0; width:99.375%; width:-webkit-calc(100% - 2px); width:calc(100% - 2px);\"\/>\n<p>\t<script async src=\"\/\/www.instagram.com\/embed.js\"><\/script><\/p>\n","protected":false},"excerpt":{"rendered":"Billy Corgan n\u00e3o pensou duas vezes antes de cravar qual \u00e9 sua m\u00fasica favorita da vida. Em uma&hellip;\n","protected":false},"author":2,"featured_media":230547,"comment_status":"","ping_status":"","sticky":false,"template":"","format":"standard","meta":{"footnotes":""},"categories":[141],"tags":[44201,114,115,149,150,32,33],"class_list":{"0":"post-230546","1":"post","2":"type-post","3":"status-publish","4":"format-standard","5":"has-post-thumbnail","7":"category-musica","8":"tag-billy-corgan","9":"tag-entertainment","10":"tag-entretenimento","11":"tag-music","12":"tag-musica","13":"tag-portugal","14":"tag-pt"},"share_on_mastodon":{"url":"https:\/\/pubeurope.com\/@pt\/115901112202696846","error":""},"_links":{"self":[{"href":"https:\/\/www.europesays.com\/pt\/wp-json\/wp\/v2\/posts\/230546","targetHints":{"allow":["GET"]}}],"collection":[{"href":"https:\/\/www.europesays.com\/pt\/wp-json\/wp\/v2\/posts"}],"about":[{"href":"https:\/\/www.europesays.com\/pt\/wp-json\/wp\/v2\/types\/post"}],"author":[{"embeddable":true,"href":"https:\/\/www.europesays.com\/pt\/wp-json\/wp\/v2\/users\/2"}],"replies":[{"embeddable":true,"href":"https:\/\/www.europesays.com\/pt\/wp-json\/wp\/v2\/comments?post=230546"}],"version-history":[{"count":0,"href":"https:\/\/www.europesays.com\/pt\/wp-json\/wp\/v2\/posts\/230546\/revisions"}],"wp:featuredmedia":[{"embeddable":true,"href":"https:\/\/www.europesays.com\/pt\/wp-json\/wp\/v2\/media\/230547"}],"wp:attachment":[{"href":"https:\/\/www.europesays.com\/pt\/wp-json\/wp\/v2\/media?parent=230546"}],"wp:term":[{"taxonomy":"category","embeddable":true,"href":"https:\/\/www.europesays.com\/pt\/wp-json\/wp\/v2\/categories?post=230546"},{"taxonomy":"post_tag","embeddable":true,"href":"https:\/\/www.europesays.com\/pt\/wp-json\/wp\/v2\/tags?post=230546"}],"curies":[{"name":"wp","href":"https:\/\/api.w.org\/{rel}","templated":true}]}}