{"id":230560,"date":"2026-01-15T21:03:18","date_gmt":"2026-01-15T21:03:18","guid":{"rendered":"https:\/\/www.europesays.com\/pt\/230560\/"},"modified":"2026-01-15T21:03:18","modified_gmt":"2026-01-15T21:03:18","slug":"pedro-fernandes-e-rafael-pinheiro-no-uefa-a-grau-iii-do-curso-de-treinadores-de-futebol","status":"publish","type":"post","link":"https:\/\/www.europesays.com\/pt\/230560\/","title":{"rendered":"Pedro Fernandes e Rafael Pinheiro no UEFA A\/Grau III do Curso de Treinadores de Futebol"},"content":{"rendered":"<p><strong>Treinadores da AF Bragan\u00e7a e do SC Mirandela s\u00e3o os \u00fanicos do distrito a frequentar o n\u00edvel III da UEFA<\/strong><\/p>\n<p>Os treinadores Pedro Fernandes, da Associa\u00e7\u00e3o de Futebol de Bragan\u00e7a, e Rafael Pinheiro, do SC Mirandela, s\u00e3o os \u00fanicos representantes do distrito de Bragan\u00e7a a frequentar o Curso de Treinadores de Futebol UEFA A\/Grau III, que arrancou no passado dia 15 de dezembro.<\/p>\n<p>A forma\u00e7\u00e3o est\u00e1 a decorrer de forma descentralizada, nas cidades de Braga, Porto, Aveiro e Lisboa, em colabora\u00e7\u00e3o com as respetivas associa\u00e7\u00f5es distritais de futebol, permitindo uma maior proximidade e abrang\u00eancia territorial do curso.<\/p>\n<p>O UEFA A\/Grau III desenvolve-se ao longo de tr\u00eas fases \u2014 forma\u00e7\u00e3o geral, forma\u00e7\u00e3o espec\u00edfica e tarefas complementares \u2014 num total de 316 horas de forma\u00e7\u00e3o, prolongando-se at\u00e9 ao final da presente \u00e9poca desportiva.<\/p>\n<p>A presen\u00e7a de Pedro Fernandes e Rafael Pinheiro neste n\u00edvel de forma\u00e7\u00e3o refor\u00e7a a representatividade e a qualidade do futebol distrital brigantino, num patamar de elevada exig\u00eancia t\u00e9cnica e reconhecimento a n\u00edvel nacional e europeu.<\/p>\n<p>Foto: FPF<\/p>\n","protected":false},"excerpt":{"rendered":"Treinadores da AF Bragan\u00e7a e do SC Mirandela s\u00e3o os \u00fanicos do distrito a frequentar o n\u00edvel III&hellip;\n","protected":false},"author":2,"featured_media":230561,"comment_status":"","ping_status":"","sticky":false,"template":"","format":"standard","meta":{"footnotes":""},"categories":[10],"tags":[27,28,15,16,14,25,26,21,22,12,13,19,20,32,23,24,33,17,18,29,30,31],"class_list":{"0":"post-230560","1":"post","2":"type-post","3":"status-publish","4":"format-standard","5":"has-post-thumbnail","7":"category-portugal","8":"tag-breaking-news","9":"tag-breakingnews","10":"tag-featured-news","11":"tag-featurednews","12":"tag-headlines","13":"tag-latest-news","14":"tag-latestnews","15":"tag-main-news","16":"tag-mainnews","17":"tag-news","18":"tag-noticias","19":"tag-noticias-principais","20":"tag-noticiasprincipais","21":"tag-portugal","22":"tag-principais-noticias","23":"tag-principaisnoticias","24":"tag-pt","25":"tag-top-stories","26":"tag-topstories","27":"tag-ultimas","28":"tag-ultimas-noticias","29":"tag-ultimasnoticias"},"share_on_mastodon":{"url":"https:\/\/pubeurope.com\/@pt\/115901143686414845","error":""},"_links":{"self":[{"href":"https:\/\/www.europesays.com\/pt\/wp-json\/wp\/v2\/posts\/230560","targetHints":{"allow":["GET"]}}],"collection":[{"href":"https:\/\/www.europesays.com\/pt\/wp-json\/wp\/v2\/posts"}],"about":[{"href":"https:\/\/www.europesays.com\/pt\/wp-json\/wp\/v2\/types\/post"}],"author":[{"embeddable":true,"href":"https:\/\/www.europesays.com\/pt\/wp-json\/wp\/v2\/users\/2"}],"replies":[{"embeddable":true,"href":"https:\/\/www.europesays.com\/pt\/wp-json\/wp\/v2\/comments?post=230560"}],"version-history":[{"count":0,"href":"https:\/\/www.europesays.com\/pt\/wp-json\/wp\/v2\/posts\/230560\/revisions"}],"wp:featuredmedia":[{"embeddable":true,"href":"https:\/\/www.europesays.com\/pt\/wp-json\/wp\/v2\/media\/230561"}],"wp:attachment":[{"href":"https:\/\/www.europesays.com\/pt\/wp-json\/wp\/v2\/media?parent=230560"}],"wp:term":[{"taxonomy":"category","embeddable":true,"href":"https:\/\/www.europesays.com\/pt\/wp-json\/wp\/v2\/categories?post=230560"},{"taxonomy":"post_tag","embeddable":true,"href":"https:\/\/www.europesays.com\/pt\/wp-json\/wp\/v2\/tags?post=230560"}],"curies":[{"name":"wp","href":"https:\/\/api.w.org\/{rel}","templated":true}]}}