{"id":230568,"date":"2026-01-15T21:09:07","date_gmt":"2026-01-15T21:09:07","guid":{"rendered":"https:\/\/www.europesays.com\/pt\/230568\/"},"modified":"2026-01-15T21:09:07","modified_gmt":"2026-01-15T21:09:07","slug":"novabrasil-fm-anuncia-reforcos-no-jornalismo-e-unifica-noticiario-em-rede-para-2026","status":"publish","type":"post","link":"https:\/\/www.europesays.com\/pt\/230568\/","title":{"rendered":"Novabrasil FM anuncia refor\u00e7os no jornalismo e unifica notici\u00e1rio em rede para 2026"},"content":{"rendered":"<p>A <strong>Rede Novabrasil FM\u00a0<\/strong>(liderada pela Novabrasil FM 89.7 de S\u00e3o Paulo) inicia 2026 com <strong>duas importantes novidades em seu jornalismo<\/strong>. A emissora anunciou a <strong>unifica\u00e7\u00e3o do Jornal Novabrasil em rede nacional<\/strong> e o <strong>retorno de Mauro Tagliaferri<\/strong> ao Grupo Thathi de Comunica\u00e7\u00e3o, al\u00e9m de confirmar a <strong>contrata\u00e7\u00e3o da jornalista Stephanie Alves<\/strong>, ex-Globo e ex-CNN, para comandar o notici\u00e1rio de Bras\u00edlia. As mudan\u00e7as entram em vigor a partir do dia <strong>19 de janeiro<\/strong>, marcando uma nova fase para o projeto jornal\u00edstico da rede especializada em produ\u00e7\u00f5es brasileiras.<\/p>\n<p>A partir desta data, a <strong>edi\u00e7\u00e3o nacional do Jornal Novabrasil,<\/strong>\u00a0veiculada no hor\u00e1rio nobre do r\u00e1dio,\u00a0passar\u00e1 a ser transmitida <strong>das 6h30 \u00e0s 8h<\/strong>, com apresenta\u00e7\u00e3o de <strong>Diego Amorim (Bras\u00edlia)<\/strong>, <strong>Mauro Tagliaferri (S\u00e3o Paulo)<\/strong> e <strong>Her\u00f3doto Barbeiro (S\u00e3o Paulo)<\/strong>, al\u00e9m da participa\u00e7\u00e3o do time de reportagem espalhado por todo o pa\u00eds.\u00a0Com a <strong>unifica\u00e7\u00e3o do notici\u00e1rio matinal<\/strong>, a emissora passa a alcan\u00e7ar <strong>cerca de 400 cidades pelo dial<\/strong>, al\u00e9m de estar dispon\u00edvel no aplicativo, site e no canal <strong>Jornalismo Novabrasil<\/strong> no YouTube. As <strong>edi\u00e7\u00f5es locais<\/strong> \u2014 com foco em presta\u00e7\u00e3o de servi\u00e7o e nas not\u00edcias regionais \u2014 passam a ir ao ar <strong>das 8h \u00e0s 8h30<\/strong>, mantendo a mesma faixa hor\u00e1ria do jornalismo.<\/p>\n<p>A equipe de rep\u00f3rteres segue distribu\u00edda por <strong>S\u00e3o Paulo, Rio de Janeiro, Bras\u00edlia, Recife, Salvador, Aracaju, Macei\u00f3, Jo\u00e3o Pessoa, Vit\u00f3ria, Campinas, S\u00e3o Jos\u00e9 dos Campos, Ribeir\u00e3o Preto, Ara\u00e7atuba<\/strong> e <strong>Andradas (MG)<\/strong>. Segundo o diretor de jornalismo <strong>Diego Amorim<\/strong>, a proposta \u00e9 refor\u00e7ar o conceito de <strong>\u201cnot\u00edcia com sotaque de Brasil\u201d,<\/strong> com informa\u00e7\u00e3o equilibrada e de credibilidade.\u00a0\u201cNossa miss\u00e3o continua sendo informar com equil\u00edbrio, sem gritaria, e nos consolidarmos como uma op\u00e7\u00e3o de jornalismo confi\u00e1vel, feita para quem busca realmente entender os fatos\u201d, afirma Amorim.<\/p>\n<p><strong>Mauro Tagliaferri retorna \u00e0 Novabrasil<\/strong><\/p>\n<p>O jornalista <strong>Mauro Tagliaferri<\/strong> retorna ao Grupo Thathi de Comunica\u00e7\u00e3o, agora tamb\u00e9m como <strong>coordenador de projetos especiais<\/strong> da Novabrasil. Com mais de 30 anos de experi\u00eancia, Tagliaferri acumula passagens por ve\u00edculos como Record, Band e GloboNews, al\u00e9m de atua\u00e7\u00e3o como correspondente internacional.<\/p>\n<p>\u201cAl\u00e9m do prazer de retomar o contato com colegas e ouvintes da Novabrasil, encaro a volta \u00e0 r\u00e1dio como uma grande responsabilidade de contribuir para o crescimento de um projeto s\u00e9rio e consolidado de jornalismo\u201d, afirma.\u00a0Tagliaferri tamb\u00e9m destacou que 2026 ser\u00e1 um ano de grande relev\u00e2ncia, com <strong>elei\u00e7\u00f5es e Copa do Mundo<\/strong>, o que exigir\u00e1 ainda mais dinamismo e profundidade da cobertura jornal\u00edstica.<\/p>\n<p>O veterano <strong>Her\u00f3doto Barbeiro<\/strong> seguir\u00e1 no comando do <strong>Jornal Novabrasil S\u00e3o Paulo<\/strong>, assinando tamb\u00e9m uma <strong>coluna di\u00e1ria<\/strong> na edi\u00e7\u00e3o nacional e apresentando o <strong>TH+ Entrevista<\/strong>, novo programa multiplataforma que ser\u00e1 exibido nas emissoras de TV do Grupo Thathi.<\/p>\n<p style=\"text-align:center\"><img decoding=\"async\" alt=\"\" src=\"https:\/\/www.europesays.com\/pt\/wp-content\/uploads\/2026\/01\/6968fd0296d4d.jpg\" style=\"height:658px; width:622px\" \/><br \/>&#13;<br \/>\nMontagem: Novabrasil FM<\/p>\n<p><strong>Stephanie Alves refor\u00e7a o time de Bras\u00edlia<\/strong><\/p>\n<p>Outra novidade anunciada pela emissora \u00e9 a chegada da jornalista <strong>Stephanie Alves<\/strong>, que assume o comando do <strong>Jornal Novabrasil Bras\u00edlia<\/strong>, transmitido <strong>das 8h \u00e0s 8h30<\/strong> pela <strong>97.5 FM<\/strong>, aplicativo, site e canal de YouTube da emissora.<\/p>\n<p>Com mais de 15 anos de experi\u00eancia no jornalismo televisivo, Stephanie passou por <strong>Globo<\/strong>, <strong>CNN<\/strong> e <strong>Band<\/strong>, mas iniciou sua trajet\u00f3ria no <strong>r\u00e1dio<\/strong>, pela <strong>CBN Bras\u00edlia<\/strong>.\u00a0\u201c\u00c9 uma honra e uma felicidade voltar ao r\u00e1dio, voltar \u00e0s origens, para falar de Bras\u00edlia, a cidade que me formou. \u00c9 daqui que eu volto a me conectar com a audi\u00eancia\u201d, afirma a jornalista.<\/p>\n<p>Al\u00e9m da ancoragem do notici\u00e1rio local, Stephanie participar\u00e1 de <strong>projetos especiais<\/strong> da emissora, com destaque para a cobertura de <strong>Esportes<\/strong>, sua \u00e1rea de afinidade.\u00a0\u201cA chegada da Stephanie refor\u00e7a o compromisso da Novabrasil em manter o time de jornalismo sempre oxigenado, com nomes consagrados e que tenham afinidade com a ess\u00eancia do nosso jeito de informar\u201d, destaca <strong>Diego Amorim<\/strong>.<\/p>\n<p style=\"text-align:center\"><img decoding=\"async\" alt=\"\" src=\"https:\/\/www.europesays.com\/pt\/wp-content\/uploads\/2026\/01\/6968fd029707e.jpg\" style=\"height:494px; width:600px\" \/><br \/>&#13;<br \/>\nStephanie Alves. Foto: Arquivo pessoal.<\/p>\n<p>\n\t\t\t\tA reprodu\u00e7\u00e3o das not\u00edcias e das pautas \u00e9 autorizada desde que contenha a assinatura &#8216;tudoradio.com&#8217;<\/p>\n<p>&#13;<br \/>\n\t\t\t\tTags:&#13;<br \/>\n\t\t\t\tNovabrasil FM, jornalismo, Mauro Tagliaferri, Stephanie Alves, Her\u00f3doto Barbeiro, Grupo Thathi de Comunica\u00e7\u00e3o, r\u00e1dio brasileira&#13;\n\t\t\t<\/p>\n","protected":false},"excerpt":{"rendered":"A Rede Novabrasil FM\u00a0(liderada pela Novabrasil FM 89.7 de S\u00e3o Paulo) inicia 2026 com duas importantes novidades em&hellip;\n","protected":false},"author":2,"featured_media":230569,"comment_status":"","ping_status":"","sticky":false,"template":"","format":"standard","meta":{"footnotes":""},"categories":[141],"tags":[114,115,44207,44206,1428,44204,149,150,44203,32,33,34187,44205],"class_list":{"0":"post-230568","1":"post","2":"type-post","3":"status-publish","4":"format-standard","5":"has-post-thumbnail","7":"category-musica","8":"tag-entertainment","9":"tag-entretenimento","10":"tag-grupo-thathi-de-comunicacao","11":"tag-herodoto-barbeiro","12":"tag-jornalismo","13":"tag-mauro-tagliaferri","14":"tag-music","15":"tag-musica","16":"tag-novabrasil-fm","17":"tag-portugal","18":"tag-pt","19":"tag-radio-brasileira","20":"tag-stephanie-alves"},"share_on_mastodon":{"url":"https:\/\/pubeurope.com\/@pt\/115901167228137933","error":""},"_links":{"self":[{"href":"https:\/\/www.europesays.com\/pt\/wp-json\/wp\/v2\/posts\/230568","targetHints":{"allow":["GET"]}}],"collection":[{"href":"https:\/\/www.europesays.com\/pt\/wp-json\/wp\/v2\/posts"}],"about":[{"href":"https:\/\/www.europesays.com\/pt\/wp-json\/wp\/v2\/types\/post"}],"author":[{"embeddable":true,"href":"https:\/\/www.europesays.com\/pt\/wp-json\/wp\/v2\/users\/2"}],"replies":[{"embeddable":true,"href":"https:\/\/www.europesays.com\/pt\/wp-json\/wp\/v2\/comments?post=230568"}],"version-history":[{"count":0,"href":"https:\/\/www.europesays.com\/pt\/wp-json\/wp\/v2\/posts\/230568\/revisions"}],"wp:featuredmedia":[{"embeddable":true,"href":"https:\/\/www.europesays.com\/pt\/wp-json\/wp\/v2\/media\/230569"}],"wp:attachment":[{"href":"https:\/\/www.europesays.com\/pt\/wp-json\/wp\/v2\/media?parent=230568"}],"wp:term":[{"taxonomy":"category","embeddable":true,"href":"https:\/\/www.europesays.com\/pt\/wp-json\/wp\/v2\/categories?post=230568"},{"taxonomy":"post_tag","embeddable":true,"href":"https:\/\/www.europesays.com\/pt\/wp-json\/wp\/v2\/tags?post=230568"}],"curies":[{"name":"wp","href":"https:\/\/api.w.org\/{rel}","templated":true}]}}