{"id":230572,"date":"2026-01-15T21:12:44","date_gmt":"2026-01-15T21:12:44","guid":{"rendered":"https:\/\/www.europesays.com\/pt\/230572\/"},"modified":"2026-01-15T21:12:44","modified_gmt":"2026-01-15T21:12:44","slug":"governo-es-cinco-anos-de-vacina-contra-a-covid-19-mesmo-apos-a-pandemia-vacinacao-ainda-e-importante","status":"publish","type":"post","link":"https:\/\/www.europesays.com\/pt\/230572\/","title":{"rendered":"Governo ES &#8211; Cinco anos de vacina contra a Covid-19: mesmo ap\u00f3s a pandemia, vacina\u00e7\u00e3o ainda \u00e9 importante"},"content":{"rendered":"<p>No pr\u00f3ximo domingo (18) completa cinco anos do in\u00edcio da vacina\u00e7\u00e3o contra a Covid-19, estrat\u00e9gia respons\u00e1vel, de forma cient\u00edfica e epidemiol\u00f3gica, pela redu\u00e7\u00e3o dos casos graves e \u00f3bitos pelo v\u00edrus ao longo dos anos. E, embora atualmente seja destinada a grupos espec\u00edficos, a vacina contra a Covid-19 segue sendo importante na preven\u00e7\u00e3o contra o v\u00edrus.<\/p>\n<p>O m\u00e9dico infectologista e refer\u00eancia t\u00e9cnica do N\u00facleo Especial de Vigil\u00e2ncia Epidemiol\u00f3gica (NEVE), da Secretaria da Sa\u00fade (Sesa), Raphael Lubiana Zanotti, lembrou que a vacina contra a Covid-19 \u201crepresentou esperan\u00e7a, prote\u00e7\u00e3o e uma resposta concreta \u00e0 maior crise sanit\u00e1ria da nossa gera\u00e7\u00e3o\u201d e que atualmente segue sendo incentivada como importante ferramenta para prote\u00e7\u00e3o de grupos espec\u00edficos.<\/p>\n<p>\u201c\u00c9 importante lembrarmos que a vacina contra a Covid-19 foi a ferramenta que permitiu salvar milhares de vidas, proteger profissionais de sa\u00fade, reduzir colapsos hospitalares e iniciar a retomada das atividades sociais e econ\u00f4micas no Esp\u00edrito Santo. Naquela ocasi\u00e3o, a vacina era a principal medida duradoura para a prote\u00e7\u00e3o coletiva, al\u00e9m de reduzir a transmiss\u00e3o do v\u00edrus e, principalmente, a ocorr\u00eancia de muitos casos graves e superlota\u00e7\u00e3o dos servi\u00e7os de sa\u00fade. Hoje, ela representa uma excelente ferramenta para prevenir casos graves em popula\u00e7\u00f5es espec\u00edficas, que em virtude de caracter\u00edsticas pessoais ou de outras doen\u00e7as, t\u00eam predisposi\u00e7\u00e3o a desenvolver formas graves\u201d, explicou o profissional.<\/p>\n<p>Atualmente, a vacina contra a Covid-19 est\u00e1 presente no Calend\u00e1rio Nacional de crian\u00e7as de seis meses a menores de 5 anos, idosos (pessoas com mais de 60 anos) e gestantes (em qualquer per\u00edodo da gesta\u00e7\u00e3o) com doses ofertadas na rotina dos servi\u00e7os de vacina\u00e7\u00e3o. Al\u00e9m disso, a vacina tamb\u00e9m deve ser ofertada como refor\u00e7o anual na popula\u00e7\u00e3o com mais de 5 anos de idade pertencente aos grupos priorit\u00e1rios.<\/p>\n<p>E, mesmo j\u00e1 presente no dia a dia da popula\u00e7\u00e3o h\u00e1 cinco anos, a resist\u00eancia \u00e0 prote\u00e7\u00e3o contra a Covid-19 ainda reflete nas coberturas vacinais. A vacina tem meta preconizada de 90% pelo Minist\u00e9rio da Sa\u00fade para crian\u00e7as menores de 1 ano, gestantes e idosos. Em 2025, os tr\u00eas grupos ficaram abaixo da meta no Esp\u00edrito Santo. A cobertura de crian\u00e7as menores de um ano foi de 2,61%; a de gestantes foi de 12,38%; e a de idosos ficou em 3,82%.<\/p>\n<p>\u201cAs vacinas s\u00e3o eficazes e seguras e s\u00e3o submetidas a avalia\u00e7\u00e3o muito rigorosa antes da sua incorpora\u00e7\u00e3o na rotina de uso da popula\u00e7\u00e3o e, assim como com a Covid-19, mudaram a nossa rela\u00e7\u00e3o com diversas doen\u00e7as. As pessoas devem ver nas vacinas um aliado muito importante que evita a ocorr\u00eancia de muitas doen\u00e7as infecciosas ou de formas mais graves dessas doen\u00e7as, tanto em n\u00edvel individual quanto coletivo\u201d, refor\u00e7ou o m\u00e9dico infectologista da Sesa, Raphael Lubiana Zanotti.<\/p>\n<p>Em 2025, segundo dados do Informe Epidemiol\u00f3gico das Vigil\u00e2ncias das S\u00edndromes Gripais, do Programa Estadual de Imuniza\u00e7\u00f5es, foram confirmados 163 casos de S\u00edndrome Respirat\u00f3ria Aguda Grave (SRAG) por Covid-19 em todo Estado, sendo cerca de 49,6% desse total (81) em pessoas com 60 anos ou mais e 29,4% (48) em crian\u00e7as de 0 a 4 anos. No mesmo per\u00edodo, foram confirmados 46 \u00f3bitos de SRAG por Covid-19, desses, cerca de 63% (29) foram em pessoas com 60 anos ou mais e 4,3% (02) em crian\u00e7as de 0 a 4 anos.<\/p>\n<p><strong>Esquema vacina contra a Covid-19<\/strong><\/p>\n<p>Desde 2024, a vacina\u00e7\u00e3o contra a Covid-19 passou a fazer parte do Calend\u00e1rio Nacional de Vacina\u00e7\u00e3o de crian\u00e7as maiores de seis meses a menores de 5 anos de idade (sendo a meta voltada \u00e0s crian\u00e7as menores de 1 ano de idade), das gestantes e idosos, e n\u00e3o \u00e9 mais ofertada a toda popula\u00e7\u00e3o geral, como nos anos de pandemia. As doses devem ser aplicadas na rotina, disponibilizadas nas salas de vacina\u00e7\u00e3o.<\/p>\n<p>Para as crian\u00e7as maiores de seis meses a menores de 5 anos de idade, o esquema vacinal recomendado s\u00e3o 3 doses da vacina dispon\u00edvel aos 6, 7 e 9 meses de idade. Para a popula\u00e7\u00e3o a partir de 60 anos de idade a recomenda\u00e7\u00e3o \u00e9 o recebimento de uma dose a cada seis meses, independentemente da quantidade de doses pr\u00e9vias recebidas. J\u00e1 para gestantes, a recomenda\u00e7\u00e3o \u00e9 o recebimento de uma dose em qualquer momento da gesta\u00e7\u00e3o e em cada gesta\u00e7\u00e3o, independentemente da quantidade de doses pr\u00e9vias recebidas.<\/p>\n<p>\u00c9 importante verificar a situa\u00e7\u00e3o vacinal na sala de vacina\u00e7\u00e3o mais pr\u00f3xima de sua resid\u00eancia.<\/p>\n<p>Al\u00e9m desses grupos com doses na rotina, o Minist\u00e9rio da Sa\u00fade define que a vacina contra a Covid-19 tamb\u00e9m deve ser ofertada como refor\u00e7o anual na popula\u00e7\u00e3o com mais de 5 anos de idade pertencente aos grupos priorit\u00e1rios por ele estabelecidos. Os grupos s\u00e3o: Pessoas vivendo em institui\u00e7\u00f5es de longa perman\u00eancia (ILPI); Pessoas imunossuprimidas; Ind\u00edgenas vivendo em terra ind\u00edgenas; Ind\u00edgenas vivendo fora da terra ind\u00edgena; Ribeirinhos; Quilombolas; Pu\u00e9rperas; Trabalhadores da Sa\u00fade; Pessoas com defici\u00eancia permanente; Pessoas com comorbidades; Pessoas privadas de liberdade; Funcion\u00e1rios do sistema de priva\u00e7\u00e3o de liberdade; Adolescentes e jovens cumprindo medidas socioeducativas; Pessoas em situa\u00e7\u00e3o de rua; e Trabalhadores dos Correios.<\/p>\n<p>Em rela\u00e7\u00e3o \u00e0s pu\u00e9rperas, s\u00e3o aquelas que n\u00e3o receberam a vacina da Covida-19 durante a gesta\u00e7\u00e3o. H\u00e1 ainda a vacina\u00e7\u00e3o disponibilizada \u00e0s pessoas imunocomprometidas a partir de 5 anos de idade, que segue especifica\u00e7\u00f5es como detalhadas abaixo.<\/p>\n<ul>&#13;<\/p>\n<li>Pessoas imunocomprometidas que est\u00e3o com o esquema de vacina\u00e7\u00e3o completo dever\u00e3o receber DUAS DOSES de vacinas Covid-19 com intervalo de seis meses entre as doses, anualmente;<\/li>\n<p>&#13;<\/p>\n<li>Pessoas com idade entre 5 e 11 anos de idade, imunocomprometidas, que nunca se vacinaram dever\u00e3o receber o esquema prim\u00e1rio de TR\u00caS DOSES da vacina Covid-19. O intervalo entre a primeira e a segunda dose \u00e9 de quatro semanas, e entre a segunda e a terceira dose, oito semanas;<\/li>\n<p>&#13;<\/p>\n<li>Pessoas a partir de 12 anos de idade, adolescentes e adultos imunocomprometidos que nunca se vacinaram dever\u00e3o receber o esquema prim\u00e1rio de TR\u00caS DOSES da vacina Covid-19. O intervalo entre a primeira e a segunda dose \u00e9 de quatro semanas, e entre a segunda e a terceira dose, oito semanas;<\/li>\n<p>&#13;<\/p>\n<li>Pessoas imunocomprometidas que est\u00e3o com o esquema de vacina\u00e7\u00e3o incompleto dever\u00e3o completar o esquema de TR\u00caS DOSES com o imunizante dispon\u00edvel e a dose para a idade. O intervalo entre a primeira e a segunda dose \u00e9 de quatro semanas, e entre a segunda e a terceira dose, oito semanas.<\/li>\n<p>&#13;\n<\/ul>\n<p><strong>Informa\u00e7\u00f5es \u00e0 Imprensa:<\/strong><\/p>\n<p>Assessoria de Comunica\u00e7\u00e3o da Sesa<\/p>\n<p>Syria Luppi \/ Luciana Almeida \/ Clarissa Figueiredo \/ Danielly Campos \/ Tha\u00edsa C\u00f4rtes \/ Ana Cl\u00e1udia dos Santos<\/p>\n<p><a href=\"https:\/\/www.es.gov.br\/Contents\/Item\/Display\/mailto:imprensa@saude.es.gov.br\" rel=\"nofollow noopener\" target=\"_blank\">imprensa@saude.es.gov.br<\/a><\/p>\n","protected":false},"excerpt":{"rendered":"No pr\u00f3ximo domingo (18) completa cinco anos do in\u00edcio da vacina\u00e7\u00e3o contra a Covid-19, estrat\u00e9gia respons\u00e1vel, de forma&hellip;\n","protected":false},"author":2,"featured_media":230573,"comment_status":"","ping_status":"","sticky":false,"template":"","format":"standard","meta":{"footnotes":""},"categories":[86],"tags":[925,923,924,926,116,32,33,117],"class_list":{"0":"post-230572","1":"post","2":"type-post","3":"status-publish","4":"format-standard","5":"has-post-thumbnail","7":"category-saude","8":"tag-governo-do-es","9":"tag-governo-do-espirito-santo","10":"tag-governo-do-estado-do-espirito-santo","11":"tag-governo-es","12":"tag-health","13":"tag-portugal","14":"tag-pt","15":"tag-saude"},"share_on_mastodon":{"url":"https:\/\/pubeurope.com\/@pt\/115901179081678673","error":""},"_links":{"self":[{"href":"https:\/\/www.europesays.com\/pt\/wp-json\/wp\/v2\/posts\/230572","targetHints":{"allow":["GET"]}}],"collection":[{"href":"https:\/\/www.europesays.com\/pt\/wp-json\/wp\/v2\/posts"}],"about":[{"href":"https:\/\/www.europesays.com\/pt\/wp-json\/wp\/v2\/types\/post"}],"author":[{"embeddable":true,"href":"https:\/\/www.europesays.com\/pt\/wp-json\/wp\/v2\/users\/2"}],"replies":[{"embeddable":true,"href":"https:\/\/www.europesays.com\/pt\/wp-json\/wp\/v2\/comments?post=230572"}],"version-history":[{"count":0,"href":"https:\/\/www.europesays.com\/pt\/wp-json\/wp\/v2\/posts\/230572\/revisions"}],"wp:featuredmedia":[{"embeddable":true,"href":"https:\/\/www.europesays.com\/pt\/wp-json\/wp\/v2\/media\/230573"}],"wp:attachment":[{"href":"https:\/\/www.europesays.com\/pt\/wp-json\/wp\/v2\/media?parent=230572"}],"wp:term":[{"taxonomy":"category","embeddable":true,"href":"https:\/\/www.europesays.com\/pt\/wp-json\/wp\/v2\/categories?post=230572"},{"taxonomy":"post_tag","embeddable":true,"href":"https:\/\/www.europesays.com\/pt\/wp-json\/wp\/v2\/tags?post=230572"}],"curies":[{"name":"wp","href":"https:\/\/api.w.org\/{rel}","templated":true}]}}