{"id":230578,"date":"2026-01-15T21:16:07","date_gmt":"2026-01-15T21:16:07","guid":{"rendered":"https:\/\/www.europesays.com\/pt\/230578\/"},"modified":"2026-01-15T21:16:07","modified_gmt":"2026-01-15T21:16:07","slug":"corina-machado-oferece-medalha-e-placa-a-donald-trump-observador","status":"publish","type":"post","link":"https:\/\/www.europesays.com\/pt\/230578\/","title":{"rendered":"Corina Machado oferece medalha e placa a Donald Trump \u2013 Observador"},"content":{"rendered":"<p>A l\u00edder da oposi\u00e7\u00e3o venezuelana, Mar\u00eda Corina Machado, acabou de chegar \u00e0 Casa Branca para se reunir com o Presidente norte-americano, Donald Trump. A vencedora do Pr\u00e9mio Nobel da Paz em 2025 vai almo\u00e7ar esta quinta-feira com o l\u00edder dos Estados Unidos da Am\u00e9rica (EUA) e o secret\u00e1rio de Estado, Marco Rubio.<\/p>\n<p>\u00c0 sa\u00edda do encontro (que se prolongou), <a href=\"https:\/\/www.elmundo.es\/internacional\/2026\/01\/15\/696938e421efa078718b4581.html?utm_medium=Social&amp;utm_source=Twitter#Echobox=1768506829\" rel=\"nofollow noopener\" target=\"_blank\">a alguns apoiantes<\/a>, Mar\u00eda Corina Machado garantiu: \u201cSaibam que contamos com o Presidente Trump para a liberdade da Venezuela\u201d. A assessora da l\u00edder da oposi\u00e7\u00e3o venezuelana disse que a reuni\u00e3o foi \u201c\u00f3tima\u201d.<\/p>\n<blockquote class=\"twitter-tweet\" data-width=\"500\" data-dnt=\"true\">\n<p lang=\"es\" dir=\"ltr\"><a href=\"https:\/\/twitter.com\/hashtag\/AHORA?src=hash&amp;ref_src=twsrc%5Etfw\" rel=\"nofollow noopener\" target=\"_blank\">#AHORA<\/a> | Mar\u00eda Corina Machado tras salir del almuerzo con Donald Trump:<\/p>\n<p>\u201cSepan que contamos con el presidente Trump para la libertad de Venezuela\u201d.<\/p>\n<p> <a href=\"https:\/\/t.co\/PolttxrOIq\" rel=\"nofollow\">pic.twitter.com\/PolttxrOIq<\/a><\/p>\n<p>\u2014 Orlando Avenda\u00f1o (@OrlvndoA) <a href=\"https:\/\/twitter.com\/OrlvndoA\/status\/2011886430348591588?ref_src=twsrc%5Etfw\" rel=\"nofollow noopener\" target=\"_blank\">January 15, 2026<\/a><\/p>\n<\/blockquote>\n<p><a href=\"https:\/\/www.abc.es\/internacional\/ultima-hora-estados-unidos-conflictos-groenlandia-iran-20260115165502-di.html\" rel=\"nofollow noopener\" target=\"_blank\">De acordo com o jornal espanhol ABC<\/a>, Mar\u00eda Corina Machado ofereceu uma das medalhas que o Comit\u00e9 Nobel lhe deu em dezembro, juntamente com uma placa que reconhece a defesa da liberdade e dos valores democr\u00e1ticos do Presidente dos Estados Unidos na Venezuela.<\/p>\n<p>Donald Trump nunca escondeu que desejava ganhar o Pr\u00e9mio Nobel da Paz. Em 2025, ainda assim, o Comit\u00e9 Nobel decidiu premiar Mar\u00eda Corina Machado.<\/p>\n<p>A l\u00edder da oposi\u00e7\u00e3o venezuelana entrou pela porta oeste, em vez da principal, uma vez que esta \u00faltima est\u00e1 reservada para chefes de Estado e alto dignit\u00e1rios. No mesmo sentido, Mar\u00eda Corina Machado n\u00e3o almo\u00e7ar\u00e1 no principal sal\u00e3o da Casa Branca.<\/p>\n<p>Em declara\u00e7\u00f5es aos jornalistas, a porta-voz da Casa Branca, Karoline Leavitt, disse que Donald Trump esperava ter uma \u201cboa e positiva\u201d conversa com Mar\u00eda Corina Machado. A respons\u00e1vel tamb\u00e9m elogiou a l\u00edder da oposi\u00e7\u00e3o venezuelana por ser uma \u201cvoz corajosa e incr\u00edvel\u201d da Venezuela.<\/p>\n<p>Questionada sobre se Donald Trump mudou de opini\u00e3o sobre o governo interino venezuelano, Karoline Leavitt respondeu que n\u00e3o, explicando que a realidade no terreno continua a favorecer que rostos do chavismo governem o pa\u00eds. A porta-voz real\u00e7ou tamb\u00e9m que os contactos com Delcy Rodr\u00edguez, a atual Presidente interino, t\u00eam sido \u201cbastante produtivas\u201d.<\/p>\n<p>Em rela\u00e7\u00e3o a elei\u00e7\u00f5es, Karoline Leavitt frisou estar \u201ccomprometido\u201d em que haja elei\u00e7\u00f5es na Venezuela \u201cum dia\u201d. No entanto, a porta-voz esclareceu que ainda n\u00e3o h\u00e1 um \u201ccalend\u00e1rio\u201d para ser organizado o ato eleitoral.<\/p>\n<p>\u00c0 porta da Casa Branca, estiveram v\u00e1rios apoiantes de Mar\u00eda Corina Machado e o candidato da oposi\u00e7\u00e3o a Nicol\u00e1s Maduro nas elei\u00e7\u00f5es presidenciais de 2024, Edmundo Gonz\u00e1lez.<\/p>\n<blockquote class=\"twitter-tweet\" data-width=\"500\" data-dnt=\"true\">\n<p lang=\"es\" dir=\"ltr\">&#8220;Queremos decirle al presidente Donald Trump, a Dios y a Mar\u00eda Corina que se debe hacer justicia para todo el pueblo de <a href=\"https:\/\/twitter.com\/hashtag\/Venezuela?src=hash&amp;ref_src=twsrc%5Etfw\" rel=\"nofollow noopener\" target=\"_blank\">#Venezuela<\/a> &#8220;<\/p>\n<p>Dice un partidario de la l\u00edder de la oposici\u00f3n venezolana Mar\u00eda Corina Machado, quien tendr\u00e1 una reuni\u00f3n con <a href=\"https:\/\/twitter.com\/hashtag\/Trump?src=hash&amp;ref_src=twsrc%5Etfw\" rel=\"nofollow noopener\" target=\"_blank\">#Trump<\/a> en la Casa Blanca <a href=\"https:\/\/t.co\/mwKkbuxhiQ\" rel=\"nofollow\">pic.twitter.com\/mwKkbuxhiQ<\/a><\/p>\n<p>\u2014 TVOAINEWS (@TvoaiNews) <a href=\"https:\/\/twitter.com\/TvoaiNews\/status\/2011850713454772605?ref_src=twsrc%5Etfw\" rel=\"nofollow noopener\" target=\"_blank\">January 15, 2026<\/a><\/p>\n<\/blockquote>\n<p>            <script async src=\"https:\/\/platform.twitter.com\/widgets.js\" charset=\"utf-8\"><\/script><\/p>\n","protected":false},"excerpt":{"rendered":"A l\u00edder da oposi\u00e7\u00e3o venezuelana, Mar\u00eda Corina Machado, acabou de chegar \u00e0 Casa Branca para se reunir com&hellip;\n","protected":false},"author":2,"featured_media":230579,"comment_status":"","ping_status":"","sticky":false,"template":"","format":"standard","meta":{"footnotes":""},"categories":[50],"tags":[624,27,28,5914,623,15,16,14,25,26,21,22,62,12,13,19,20,4497,23,24,17,18,29,30,31,3023,63,64,65],"class_list":{"0":"post-230578","1":"post","2":"type-post","3":"status-publish","4":"format-standard","5":"has-post-thumbnail","7":"category-mundo","8":"tag-amu00e9rica","9":"tag-breaking-news","10":"tag-breakingnews","11":"tag-casa-branca","12":"tag-estados-unidos-da-amu00e9rica","13":"tag-featured-news","14":"tag-featurednews","15":"tag-headlines","16":"tag-latest-news","17":"tag-latestnews","18":"tag-main-news","19":"tag-mainnews","20":"tag-mundo","21":"tag-news","22":"tag-noticias","23":"tag-noticias-principais","24":"tag-noticiasprincipais","25":"tag-presidente-trump","26":"tag-principais-noticias","27":"tag-principaisnoticias","28":"tag-top-stories","29":"tag-topstories","30":"tag-ultimas","31":"tag-ultimas-noticias","32":"tag-ultimasnoticias","33":"tag-venezuela","34":"tag-world","35":"tag-world-news","36":"tag-worldnews"},"share_on_mastodon":{"url":"https:\/\/pubeurope.com\/@pt\/115901194837529036","error":""},"_links":{"self":[{"href":"https:\/\/www.europesays.com\/pt\/wp-json\/wp\/v2\/posts\/230578","targetHints":{"allow":["GET"]}}],"collection":[{"href":"https:\/\/www.europesays.com\/pt\/wp-json\/wp\/v2\/posts"}],"about":[{"href":"https:\/\/www.europesays.com\/pt\/wp-json\/wp\/v2\/types\/post"}],"author":[{"embeddable":true,"href":"https:\/\/www.europesays.com\/pt\/wp-json\/wp\/v2\/users\/2"}],"replies":[{"embeddable":true,"href":"https:\/\/www.europesays.com\/pt\/wp-json\/wp\/v2\/comments?post=230578"}],"version-history":[{"count":0,"href":"https:\/\/www.europesays.com\/pt\/wp-json\/wp\/v2\/posts\/230578\/revisions"}],"wp:featuredmedia":[{"embeddable":true,"href":"https:\/\/www.europesays.com\/pt\/wp-json\/wp\/v2\/media\/230579"}],"wp:attachment":[{"href":"https:\/\/www.europesays.com\/pt\/wp-json\/wp\/v2\/media?parent=230578"}],"wp:term":[{"taxonomy":"category","embeddable":true,"href":"https:\/\/www.europesays.com\/pt\/wp-json\/wp\/v2\/categories?post=230578"},{"taxonomy":"post_tag","embeddable":true,"href":"https:\/\/www.europesays.com\/pt\/wp-json\/wp\/v2\/tags?post=230578"}],"curies":[{"name":"wp","href":"https:\/\/api.w.org\/{rel}","templated":true}]}}