{"id":230580,"date":"2026-01-15T21:17:10","date_gmt":"2026-01-15T21:17:10","guid":{"rendered":"https:\/\/www.europesays.com\/pt\/230580\/"},"modified":"2026-01-15T21:17:10","modified_gmt":"2026-01-15T21:17:10","slug":"carjacking-no-porto-termina-com-perseguicao-e-quatro-feridos-em-gondomar","status":"publish","type":"post","link":"https:\/\/www.europesays.com\/pt\/230580\/","title":{"rendered":"Carjacking no Porto termina com persegui\u00e7\u00e3o e quatro feridos em Gondomar"},"content":{"rendered":"<p>\t                Suspeitos envolvidos foram detidos<\/p>\n<p>Um homem de 43 anos foi v\u00edtima de um crime de carjacking, sob amea\u00e7a de arma branca, na noite desta quarta-feira, na rua de S\u00e3o Roque da Lameira, no Porto.<\/p>\n<p>Ap\u00f3s o alerta, as autoridades realizaram dilig\u00eancias que permitiram localizar a viatura roubada e iniciar o seu seguimento. A abordagem policial viria a ser concretizada na freguesia de S\u00e3o Cosme, concelho de Gondomar.<\/p>\n<p>Ao aperceber-se da presen\u00e7a policial, o suspeito projetou deliberadamente o ve\u00edculo contra a viatura da pol\u00edcia, provocando ferimentos no pr\u00f3prio suspeito, no ocupante da viatura e em dois elementos policiais.<\/p>\n<p>Os suspeitos envolvidos foram detidos. As circunst\u00e2ncias do crime est\u00e3o a ser investigadas.<\/p>\n","protected":false},"excerpt":{"rendered":"Suspeitos envolvidos foram detidos Um homem de 43 anos foi v\u00edtima de um crime de carjacking, sob amea\u00e7a&hellip;\n","protected":false},"author":2,"featured_media":147767,"comment_status":"","ping_status":"","sticky":false,"template":"","format":"standard","meta":{"footnotes":""},"categories":[10],"tags":[44095,609,836,611,27,28,607,608,333,832,604,135,610,476,15,16,2237,301,830,14,603,25,26,570,21,22,831,833,62,834,12,13,19,20,835,602,52,462,32,23,24,1306,33,17,18,29,30,31],"class_list":{"0":"post-230580","1":"post","2":"type-post","3":"status-publish","4":"format-standard","5":"has-post-thumbnail","7":"category-portugal","8":"tag-carjacking","9":"tag-alerta","10":"tag-analise","11":"tag-ao-minuto","12":"tag-breaking-news","13":"tag-breakingnews","14":"tag-cnn","15":"tag-cnn-portugal","16":"tag-comentadores","17":"tag-costa","18":"tag-crime","19":"tag-desporto","20":"tag-direto","21":"tag-economia","22":"tag-featured-news","23":"tag-featurednews","24":"tag-feridos","25":"tag-governo","26":"tag-guerra","27":"tag-headlines","28":"tag-justica","29":"tag-latest-news","30":"tag-latestnews","31":"tag-live","32":"tag-main-news","33":"tag-mainnews","34":"tag-mais-vistas","35":"tag-marcelo","36":"tag-mundo","37":"tag-negocios","38":"tag-news","39":"tag-noticias","40":"tag-noticias-principais","41":"tag-noticiasprincipais","42":"tag-opiniao","43":"tag-pais","44":"tag-politica","45":"tag-porto","46":"tag-portugal","47":"tag-principais-noticias","48":"tag-principaisnoticias","49":"tag-psp","50":"tag-pt","51":"tag-top-stories","52":"tag-topstories","53":"tag-ultimas","54":"tag-ultimas-noticias","55":"tag-ultimasnoticias"},"share_on_mastodon":{"url":"","error":"Validation failed: Text character limit of 500 exceeded"},"_links":{"self":[{"href":"https:\/\/www.europesays.com\/pt\/wp-json\/wp\/v2\/posts\/230580","targetHints":{"allow":["GET"]}}],"collection":[{"href":"https:\/\/www.europesays.com\/pt\/wp-json\/wp\/v2\/posts"}],"about":[{"href":"https:\/\/www.europesays.com\/pt\/wp-json\/wp\/v2\/types\/post"}],"author":[{"embeddable":true,"href":"https:\/\/www.europesays.com\/pt\/wp-json\/wp\/v2\/users\/2"}],"replies":[{"embeddable":true,"href":"https:\/\/www.europesays.com\/pt\/wp-json\/wp\/v2\/comments?post=230580"}],"version-history":[{"count":0,"href":"https:\/\/www.europesays.com\/pt\/wp-json\/wp\/v2\/posts\/230580\/revisions"}],"wp:featuredmedia":[{"embeddable":true,"href":"https:\/\/www.europesays.com\/pt\/wp-json\/wp\/v2\/media\/147767"}],"wp:attachment":[{"href":"https:\/\/www.europesays.com\/pt\/wp-json\/wp\/v2\/media?parent=230580"}],"wp:term":[{"taxonomy":"category","embeddable":true,"href":"https:\/\/www.europesays.com\/pt\/wp-json\/wp\/v2\/categories?post=230580"},{"taxonomy":"post_tag","embeddable":true,"href":"https:\/\/www.europesays.com\/pt\/wp-json\/wp\/v2\/tags?post=230580"}],"curies":[{"name":"wp","href":"https:\/\/api.w.org\/{rel}","templated":true}]}}