{"id":230582,"date":"2026-01-15T21:19:10","date_gmt":"2026-01-15T21:19:10","guid":{"rendered":"https:\/\/www.europesays.com\/pt\/230582\/"},"modified":"2026-01-15T21:19:10","modified_gmt":"2026-01-15T21:19:10","slug":"justica-tenta-encontrar-ratinho-em-endereco-apos-processo-movido-por-chico-buarque","status":"publish","type":"post","link":"https:\/\/www.europesays.com\/pt\/230582\/","title":{"rendered":"Justi\u00e7a tenta encontrar Ratinho em endere\u00e7o ap\u00f3s processo movido por Chico Buarque"},"content":{"rendered":"<p data-start=\"180\" data-end=\"555\">A 41\u00aa Vara C\u00edvel do Rio de Janeiro expediu nova ordem para citar\u00a0<a href=\"https:\/\/natelinha.uol.com.br\/famosos\/tudo-sobre\/ratinho\" rel=\"nofollow noopener\" target=\"_blank\">Ratinho<\/a> no processo por danos morais movido por <a href=\"https:\/\/natelinha.uol.com.br\/famosos\/tudo-sobre\/chico-buarque\" rel=\"nofollow noopener\" target=\"_blank\">Chico Buarque<\/a>. A medida ocorre ap\u00f3s tentativas frustradas de localiza\u00e7\u00e3o do apresentador e tem como objetivo dar cumprimento a uma decis\u00e3o judicial relacionada a declara\u00e7\u00f5es feitas em setembro, durante programa na r\u00e1dio Massa FM.<\/p>\n<p data-start=\"557\" data-end=\"915\">Na a\u00e7\u00e3o, Chico processa Ratinho, o youtuber Thiago Asmar e a suplente de vereadora Samantha Cavalca. O cantor sustenta que, no programa de r\u00e1dio, Ratinho associou sua participa\u00e7\u00e3o em um ato pol\u00edtico contra a \u201cPEC da Blindagem\u201d a suposto recebimento de recursos da Lei Rouanet ou a repasses vinculados a gest\u00f5es do PT. A acusa\u00e7\u00e3o foi negada pelo compositor.<\/p>\n<p data-start=\"917\" data-end=\"1365\">Em outubro, o juiz Victor Agustin Cunha Jaccoud Diz Torres determinou que os r\u00e9us apresentassem provas das afirma\u00e7\u00f5es ou realizassem retrata\u00e7\u00e3o p\u00fablica pelos mesmos meios utilizados para a divulga\u00e7\u00e3o das declara\u00e7\u00f5es, no prazo de cinco dias.<\/p>\n<p data-start=\"917\" data-end=\"1365\">+\u00a0<a href=\"https:\/\/natelinha.uol.com.br\/famosos\/2025\/11\/22\/o-perigoso-golpe-que-tentaram-aplicar-em-chico-buarque-234265.php\" target=\"_blank\" rel=\"noopener noreferrer nofollow\">O perigoso golpe que tentaram aplicar em Chico Buarque<\/a><\/p>\n<p data-start=\"917\" data-end=\"1365\">A decis\u00e3o estabeleceu que o descumprimento poderia caracterizar crime de desobedi\u00eancia, com possibilidade de pris\u00e3o em flagrante. No processo, Chico pede indeniza\u00e7\u00e3o de R$ 50 mil de cada um dos r\u00e9us.<\/p>\n<p data-start=\"1367\" data-end=\"1666\">Desde ent\u00e3o, a cita\u00e7\u00e3o de Ratinho tem enfrentado obst\u00e1culos. Segundo informa\u00e7\u00f5es reunidas no andamento do processo, houve tentativas por meio de carta precat\u00f3ria enviada a Curitiba, al\u00e9m de dilig\u00eancias em endere\u00e7os f\u00edsicos atribu\u00eddos ao apresentador. Nenhuma delas resultou na efetiva\u00e7\u00e3o da cita\u00e7\u00e3o.<\/p>\n<p data-start=\"1668\" data-end=\"1996\">Diante das dificuldades, em novembro, a defesa do m\u00fasico protocolou pedido para que a cita\u00e7\u00e3o fosse realizada por WhatsApp ou nos est\u00fadios do SBT em Osasco, na Grande S\u00e3o Paulo, onde Ratinho grava seu programa de televis\u00e3o. A solicita\u00e7\u00e3o foi apresentada como alternativa para viabilizar o cumprimento da decis\u00e3o judicial.<\/p>\n<p>Justi\u00e7a segue em busca de Ratinho para cit\u00e1-lo em processo movido por Chico Buarque<\/p>\n<p><img decoding=\"async\" loading=\"lazy\" class=\"horizontal\" src=\"https:\/\/www.europesays.com\/pt\/wp-content\/uploads\/2026\/01\/ratinho-se-queixa-do-sbt-apos-mudanca-de-horario-chateado_1327.jpeg\" alt=\"imagem-texto\"\/><\/p>\n<p>continua depois da publicidade<\/p>\n<p data-start=\"1998\" data-end=\"2343\">A nova ordem de cita\u00e7\u00e3o foi determinada ap\u00f3s a repeti\u00e7\u00e3o das tentativas sem sucesso. De acordo com a coluna de Ancelmo Gois, a medida busca assegurar que Ratinho seja formalmente comunicado para se manifestar nos autos, seja comprovando as alega\u00e7\u00f5es feitas sobre a Lei Rouanet, seja promovendo a retrata\u00e7\u00e3o p\u00fablica nos termos fixados pelo ju\u00edzo.<\/p>\n<p data-start=\"1998\" data-end=\"2343\">+\u00a0<a href=\"https:\/\/natelinha.uol.com.br\/famosos\/2025\/09\/19\/djavan-caetano-veloso-gilberto-gil-e-chico-buarque-farao-show-em-ato-contra-a-anistia-231573.php\" target=\"_blank\" rel=\"noopener noreferrer nofollow\">Djavan, Caetano Veloso, Gilberto Gil e Chico Buarque far\u00e3o show em ato contra a anistia<\/a><\/p>\n<p data-start=\"2345\" data-end=\"2517\" data-is-last-node=\"\" data-is-only-node=\"\">O processo segue em tramita\u00e7\u00e3o na 41\u00aa Vara C\u00edvel do Rio de Janeiro, enquanto a Justi\u00e7a tenta localizar o apresentador para dar prosseguimento \u00e0s determina\u00e7\u00f5es j\u00e1 expedidas.<\/p>\n","protected":false},"excerpt":{"rendered":"A 41\u00aa Vara C\u00edvel do Rio de Janeiro expediu nova ordem para citar\u00a0Ratinho no processo por danos morais&hellip;\n","protected":false},"author":2,"featured_media":230583,"comment_status":"","ping_status":"","sticky":false,"template":"","format":"standard","meta":{"footnotes":""},"categories":[145],"tags":[211,210,20876,114,115,32,33,1826],"class_list":{"0":"post-230582","1":"post","2":"type-post","3":"status-publish","4":"format-standard","5":"has-post-thumbnail","7":"category-celebridades","8":"tag-celebridades","9":"tag-celebrities","10":"tag-chico-buarque","11":"tag-entertainment","12":"tag-entretenimento","13":"tag-portugal","14":"tag-pt","15":"tag-ratinho"},"share_on_mastodon":{"url":"https:\/\/pubeurope.com\/@pt\/115901206561200593","error":""},"_links":{"self":[{"href":"https:\/\/www.europesays.com\/pt\/wp-json\/wp\/v2\/posts\/230582","targetHints":{"allow":["GET"]}}],"collection":[{"href":"https:\/\/www.europesays.com\/pt\/wp-json\/wp\/v2\/posts"}],"about":[{"href":"https:\/\/www.europesays.com\/pt\/wp-json\/wp\/v2\/types\/post"}],"author":[{"embeddable":true,"href":"https:\/\/www.europesays.com\/pt\/wp-json\/wp\/v2\/users\/2"}],"replies":[{"embeddable":true,"href":"https:\/\/www.europesays.com\/pt\/wp-json\/wp\/v2\/comments?post=230582"}],"version-history":[{"count":0,"href":"https:\/\/www.europesays.com\/pt\/wp-json\/wp\/v2\/posts\/230582\/revisions"}],"wp:featuredmedia":[{"embeddable":true,"href":"https:\/\/www.europesays.com\/pt\/wp-json\/wp\/v2\/media\/230583"}],"wp:attachment":[{"href":"https:\/\/www.europesays.com\/pt\/wp-json\/wp\/v2\/media?parent=230582"}],"wp:term":[{"taxonomy":"category","embeddable":true,"href":"https:\/\/www.europesays.com\/pt\/wp-json\/wp\/v2\/categories?post=230582"},{"taxonomy":"post_tag","embeddable":true,"href":"https:\/\/www.europesays.com\/pt\/wp-json\/wp\/v2\/tags?post=230582"}],"curies":[{"name":"wp","href":"https:\/\/api.w.org\/{rel}","templated":true}]}}