{"id":230584,"date":"2026-01-15T21:22:16","date_gmt":"2026-01-15T21:22:16","guid":{"rendered":"https:\/\/www.europesays.com\/pt\/230584\/"},"modified":"2026-01-15T21:22:16","modified_gmt":"2026-01-15T21:22:16","slug":"dele-dela-e-baseado-em-uma-historia-real-conheca-sucesso-do-streaming","status":"publish","type":"post","link":"https:\/\/www.europesays.com\/pt\/230584\/","title":{"rendered":"&#8220;Dele &#038; Dela&#8221; \u00e9 baseado em uma hist\u00f3ria real? Conhe\u00e7a sucesso do streaming"},"content":{"rendered":"<p class=\"my-5 break-words group-[.isActiveSource]:text-xl\">Lan\u00e7ada no dia 8 de janeiro, &#8220;<strong class=\"group-[.isActiveSource]:text-xl group-[.isActiveSource]:font-bold\">Dele &amp; Dela<\/strong>&#8221; \u00e9 uma miniss\u00e9rie estrelada por <strong class=\"group-[.isActiveSource]:text-xl group-[.isActiveSource]:font-bold\">Jon Bernthal<\/strong> e <strong class=\"group-[.isActiveSource]:text-xl group-[.isActiveSource]:font-bold\">Tessa Thompson<\/strong> e baseada no livro de mesmo nome da autora<strong class=\"group-[.isActiveSource]:text-xl group-[.isActiveSource]:font-bold\"> Alice Feeney<\/strong>.<\/p>\n<p class=\"my-5 break-words group-[.isActiveSource]:text-xl\">A hist\u00f3ria que inicia os sucessos da <a href=\"https:\/\/www.cnnbrasil.com.br\/entretenimento\/saiba-os-principais-lancamentos-nacionais-da-netflix-em-2026\/\" target=\"_blank\" rel=\"noopener noreferrer nofollow\" class=\"text-red-600 underline hover:text-red-500 font-medium break-words group-[.isActiveSource]:text-xl\">Netflix<\/a> neste ano \u00e9 <strong class=\"group-[.isActiveSource]:text-xl group-[.isActiveSource]:font-bold\">completamente fict\u00edcia<\/strong>, por mais que os f\u00e3s da s\u00e9rie encontrem similaridades com a vida real e acreditem que isso tenha acontecido com algu\u00e9m.<\/p>\n<p class=\"my-5 break-words group-[.isActiveSource]:text-xl\">Alice trabalhou para a BBC como rep\u00f3rter e produtora durante 15 anos,<strong class=\"group-[.isActiveSource]:text-xl group-[.isActiveSource]:font-bold\"> sendo isso o que a permitiu adotar um tom t\u00e3o realista no livro<\/strong>, quanto construir com bastante precis\u00e3o o cen\u00e1rio da pequena cidade de Blackdown, que se chama Dahlonega na s\u00e9rie.<\/p>\n<p class=\"my-5 break-words group-[.isActiveSource]:text-xl\">Com isso, a hist\u00f3ria se passa sob duas perspectivas bem diferentes de <strong class=\"group-[.isActiveSource]:text-xl group-[.isActiveSource]:font-bold\">um casal ligado a um assassinato que chocou toda uma comunidade.<\/strong> A grande quest\u00e3o da trama \u00e9 saber que um dos narradores n\u00e3o \u00e9 confi\u00e1vel, uma vez que as vers\u00f5es sobre os eventos variam entre si.<\/p>\n<p class=\"my-5 break-words group-[.isActiveSource]:text-xl\">Anna (<a href=\"https:\/\/www.cnnbrasil.com.br\/entretenimento\/spin-off-de-mib-homens-de-preto-apresentou-classico-para-nova-geracao\/\" target=\"_blank\" rel=\"noopener noreferrer nofollow\" class=\"text-red-600 underline hover:text-red-500 font-medium break-words group-[.isActiveSource]:text-xl\">Tessa Thompson<\/a>) \u00e9 \u00e2ncora de um jornal que continuamente se afasta dos amigos e da carreira, mas um dia descobre um assassinato e mergulha em busca de respostas. Por outro lado, o detetive Jack (<a href=\"https:\/\/www.cnnbrasil.com.br\/entretenimento\/o-contador-2-com-ben-affleck-e-jon-bernthal-ganha-data-de-estreia\/\" target=\"_blank\" rel=\"noopener noreferrer nofollow\" class=\"text-red-600 underline hover:text-red-500 font-medium break-words group-[.isActiveSource]:text-xl\">Jon Bernthal<\/a>) desconfia do envolvimento da jornalista no caso e a coloca na mira da investiga\u00e7\u00e3o.<\/p>\n<p class=\"my-5 break-words group-[.isActiveSource]:text-xl\">Perturbado pelo caso, Jack corre atr\u00e1s de desvendar o mist\u00e9rio enquanto enfrenta a rela\u00e7\u00e3o mais do que complexa que tem com Anna.<\/p>\n<p class=\"my-5 break-words group-[.isActiveSource]:text-xl\">A produ\u00e7\u00e3o conta com seis epis\u00f3dios que demonstram solu\u00e7\u00f5es e d\u00favidas em rela\u00e7\u00e3o ao acontecimento principal.<\/p>\n<p>Confira o trailer<\/p>\n","protected":false},"excerpt":{"rendered":"Lan\u00e7ada no dia 8 de janeiro, &#8220;Dele &amp; Dela&#8221; \u00e9 uma miniss\u00e9rie estrelada por Jon Bernthal e Tessa&hellip;\n","protected":false},"author":2,"featured_media":230585,"comment_status":"","ping_status":"","sticky":false,"template":"","format":"standard","meta":{"footnotes":""},"categories":[142],"tags":[114,115,32,33,151],"class_list":{"0":"post-230584","1":"post","2":"type-post","3":"status-publish","4":"format-standard","5":"has-post-thumbnail","7":"category-tv","8":"tag-entertainment","9":"tag-entretenimento","10":"tag-portugal","11":"tag-pt","12":"tag-tv"},"share_on_mastodon":{"url":"https:\/\/pubeurope.com\/@pt\/115901218335222211","error":""},"_links":{"self":[{"href":"https:\/\/www.europesays.com\/pt\/wp-json\/wp\/v2\/posts\/230584","targetHints":{"allow":["GET"]}}],"collection":[{"href":"https:\/\/www.europesays.com\/pt\/wp-json\/wp\/v2\/posts"}],"about":[{"href":"https:\/\/www.europesays.com\/pt\/wp-json\/wp\/v2\/types\/post"}],"author":[{"embeddable":true,"href":"https:\/\/www.europesays.com\/pt\/wp-json\/wp\/v2\/users\/2"}],"replies":[{"embeddable":true,"href":"https:\/\/www.europesays.com\/pt\/wp-json\/wp\/v2\/comments?post=230584"}],"version-history":[{"count":0,"href":"https:\/\/www.europesays.com\/pt\/wp-json\/wp\/v2\/posts\/230584\/revisions"}],"wp:featuredmedia":[{"embeddable":true,"href":"https:\/\/www.europesays.com\/pt\/wp-json\/wp\/v2\/media\/230585"}],"wp:attachment":[{"href":"https:\/\/www.europesays.com\/pt\/wp-json\/wp\/v2\/media?parent=230584"}],"wp:term":[{"taxonomy":"category","embeddable":true,"href":"https:\/\/www.europesays.com\/pt\/wp-json\/wp\/v2\/categories?post=230584"},{"taxonomy":"post_tag","embeddable":true,"href":"https:\/\/www.europesays.com\/pt\/wp-json\/wp\/v2\/tags?post=230584"}],"curies":[{"name":"wp","href":"https:\/\/api.w.org\/{rel}","templated":true}]}}