{"id":230589,"date":"2026-01-15T21:27:16","date_gmt":"2026-01-15T21:27:16","guid":{"rendered":"https:\/\/www.europesays.com\/pt\/230589\/"},"modified":"2026-01-15T21:27:16","modified_gmt":"2026-01-15T21:27:16","slug":"o-teatro-de-salvador-sobral-e-first-breath-after-coma-em-lisboa-a-magnifica-sensacao-de-estarmos-vivos","status":"publish","type":"post","link":"https:\/\/www.europesays.com\/pt\/230589\/","title":{"rendered":"O teatro de Salvador Sobral e First Breath After Coma em Lisboa: a magn\u00edfica sensa\u00e7\u00e3o de estarmos vivos"},"content":{"rendered":"<p>Parecendo que n\u00e3o, sobretudo no p\u00f3s-&#8216;Amar Pelos Dois&#8217;, o mundo ocupado por Salvador Sobral n\u00e3o se encontra muito distante do rock. Ali\u00e1s, ainda nos recordamos dos Alexander Search, a banda que formou em 2016 com o pianista J\u00falio Resende, e da sua entrada em palco, aos berros, numa tarde de sol no Super Bock Super Rock. Pelo que este seu encontro com os First Breath After Coma, banda de Leiria que se tem dedicado ao longo de mais de uma d\u00e9cada a explorar as fronteiras do g\u00e9nero, n\u00e3o \u00e9 um encontro fortuito, muito menos ao estilo maldororiano. O encontro come\u00e7ou por dar-se numa resid\u00eancia no Pombal e foi na noite de ter\u00e7a-feira transposto para o Teatro Maria Matos, em Lisboa, sobressaindo, sobretudo, o aspeto visual de tudo isto &#8211; o que faz sentido: se est\u00e1s num teatro, faz teatro.<\/p>\n<p><a href=\"https:\/\/expresso.pt\/subscrever?action=GEN&amp;channel=BAF&amp;type=CAP&amp;source=WEB&amp;returnUrl=https:\/\/expresso.pt\/blitz\/2026-01-14-o-teatro-de-salvador-sobral-e-first-breath-after-coma-em-lisboa-a-magnifica-sensacao-de-estarmos-vivos-0928bd6b&amp;utm_source=expresso&amp;utm_medium=locked_article&amp;locked=true&amp;article_id=9e9af6f1-10e7-46f4-bb7b-e474a1a90358&amp;author_id=Paulo+Andr\u00e9+Cec\u00edlio,Rita+Carmo&amp;category=Blitz\" target=\"_self\" class=\"\" rel=\"nofollow noopener\">Subscrever<\/a>J\u00e1 \u00e9 Subscritor?Fa\u00e7a login e continue a ler<a href=\"http:\/\/expresso.pt\/codigo?redirectUrl=https:\/\/expresso.pt\/blitz\/2026-01-14-o-teatro-de-salvador-sobral-e-first-breath-after-coma-em-lisboa-a-magnifica-sensacao-de-estarmos-vivos-0928bd6b\" target=\"_self\" class=\"\" rel=\"nofollow noopener\">Inserir C\u00f3digo<\/a>Comprou o Expresso?Insira o c\u00f3digo presente na Revista E para continuar a ler<\/p>\n","protected":false},"excerpt":{"rendered":"Parecendo que n\u00e3o, sobretudo no p\u00f3s-&#8216;Amar Pelos Dois&#8217;, o mundo ocupado por Salvador Sobral n\u00e3o se encontra muito&hellip;\n","protected":false},"author":2,"featured_media":230590,"comment_status":"","ping_status":"","sticky":false,"template":"","format":"standard","meta":{"footnotes":""},"categories":[85],"tags":[114,115,32,33],"class_list":{"0":"post-230589","1":"post","2":"type-post","3":"status-publish","4":"format-standard","5":"has-post-thumbnail","7":"category-entretenimento","8":"tag-entertainment","9":"tag-entretenimento","10":"tag-portugal","11":"tag-pt"},"share_on_mastodon":{"url":"https:\/\/pubeurope.com\/@pt\/115901237989411353","error":""},"_links":{"self":[{"href":"https:\/\/www.europesays.com\/pt\/wp-json\/wp\/v2\/posts\/230589","targetHints":{"allow":["GET"]}}],"collection":[{"href":"https:\/\/www.europesays.com\/pt\/wp-json\/wp\/v2\/posts"}],"about":[{"href":"https:\/\/www.europesays.com\/pt\/wp-json\/wp\/v2\/types\/post"}],"author":[{"embeddable":true,"href":"https:\/\/www.europesays.com\/pt\/wp-json\/wp\/v2\/users\/2"}],"replies":[{"embeddable":true,"href":"https:\/\/www.europesays.com\/pt\/wp-json\/wp\/v2\/comments?post=230589"}],"version-history":[{"count":0,"href":"https:\/\/www.europesays.com\/pt\/wp-json\/wp\/v2\/posts\/230589\/revisions"}],"wp:featuredmedia":[{"embeddable":true,"href":"https:\/\/www.europesays.com\/pt\/wp-json\/wp\/v2\/media\/230590"}],"wp:attachment":[{"href":"https:\/\/www.europesays.com\/pt\/wp-json\/wp\/v2\/media?parent=230589"}],"wp:term":[{"taxonomy":"category","embeddable":true,"href":"https:\/\/www.europesays.com\/pt\/wp-json\/wp\/v2\/categories?post=230589"},{"taxonomy":"post_tag","embeddable":true,"href":"https:\/\/www.europesays.com\/pt\/wp-json\/wp\/v2\/tags?post=230589"}],"curies":[{"name":"wp","href":"https:\/\/api.w.org\/{rel}","templated":true}]}}