{"id":230597,"date":"2026-01-15T21:32:15","date_gmt":"2026-01-15T21:32:15","guid":{"rendered":"https:\/\/www.europesays.com\/pt\/230597\/"},"modified":"2026-01-15T21:32:15","modified_gmt":"2026-01-15T21:32:15","slug":"jose-mourinho-estavam-jogadores-de-um-metro-e-meio-a-marcar-gigantes","status":"publish","type":"post","link":"https:\/\/www.europesays.com\/pt\/230597\/","title":{"rendered":"Jos\u00e9 Mourinho: \u201cEstavam jogadores de um metro e meio a marcar gigantes\u201d"},"content":{"rendered":"<p>Elimina\u00e7\u00e3o<\/p>\n<p>&#8220;N\u00e3o \u00e9 f\u00e1cil jogar contra o FC Porto, principalmente no Drag\u00e3o. Merec\u00edamos mais. A oportunidade falhada no minuto 90 \u00e9 elucidativo daquilo que estou a dizer. N\u00e3o tivemos problemas no jogo. As oportunidades foram suficientes para termos um resultado completamente diferente.&#8221;<\/p>\n<p>Escolha dos extremos<\/p>\n<p>&#8220;O objetivo foi ter jogadores abertos que limitassem o jogo ofensivo dos laterais do FC Porto e, ao mesmo tempo, proporcionassem situa\u00e7\u00f5es como as que conseguimos. Com as aus\u00eancias, t\u00ednhamos que ter bola, t\u00ednhamos que ser mais agressivos. Sem Otamendi, Enzo e R\u00edos, a equipa perde fisicalidade. Na bola parada, metemos os jogadores mais altos a defender \u00e0 zona e, depois, estavam jogadores de um metro e meio a marcar gigantes. Estou chateado com o resultado, n\u00e3o com a minha equipa.&#8221;<\/p>\n<p>Resto da \u00e9poca<\/p>\n<p>&#8220;Quando n\u00e3o h\u00e1 competi\u00e7\u00f5es para ganhar, h\u00e1 jogos para ganhar. [&#8230;] H\u00e1 sempre objetivos para atingir para quem joga no Benfica. Desistir, nunca.&#8221;<\/p>\n","protected":false},"excerpt":{"rendered":"Elimina\u00e7\u00e3o &#8220;N\u00e3o \u00e9 f\u00e1cil jogar contra o FC Porto, principalmente no Drag\u00e3o. Merec\u00edamos mais. A oportunidade falhada no&hellip;\n","protected":false},"author":2,"featured_media":230598,"comment_status":"","ping_status":"","sticky":false,"template":"","format":"standard","meta":{"footnotes":""},"categories":[8],"tags":[27,28,15,16,14,25,26,21,22,12,13,19,20,32,23,24,33,17,18,29,30,31],"class_list":{"0":"post-230597","1":"post","2":"type-post","3":"status-publish","4":"format-standard","5":"has-post-thumbnail","7":"category-principais-noticias","8":"tag-breaking-news","9":"tag-breakingnews","10":"tag-featured-news","11":"tag-featurednews","12":"tag-headlines","13":"tag-latest-news","14":"tag-latestnews","15":"tag-main-news","16":"tag-mainnews","17":"tag-news","18":"tag-noticias","19":"tag-noticias-principais","20":"tag-noticiasprincipais","21":"tag-portugal","22":"tag-principais-noticias","23":"tag-principaisnoticias","24":"tag-pt","25":"tag-top-stories","26":"tag-topstories","27":"tag-ultimas","28":"tag-ultimas-noticias","29":"tag-ultimasnoticias"},"share_on_mastodon":{"url":"https:\/\/pubeurope.com\/@pt\/115901257974474875","error":""},"_links":{"self":[{"href":"https:\/\/www.europesays.com\/pt\/wp-json\/wp\/v2\/posts\/230597","targetHints":{"allow":["GET"]}}],"collection":[{"href":"https:\/\/www.europesays.com\/pt\/wp-json\/wp\/v2\/posts"}],"about":[{"href":"https:\/\/www.europesays.com\/pt\/wp-json\/wp\/v2\/types\/post"}],"author":[{"embeddable":true,"href":"https:\/\/www.europesays.com\/pt\/wp-json\/wp\/v2\/users\/2"}],"replies":[{"embeddable":true,"href":"https:\/\/www.europesays.com\/pt\/wp-json\/wp\/v2\/comments?post=230597"}],"version-history":[{"count":0,"href":"https:\/\/www.europesays.com\/pt\/wp-json\/wp\/v2\/posts\/230597\/revisions"}],"wp:featuredmedia":[{"embeddable":true,"href":"https:\/\/www.europesays.com\/pt\/wp-json\/wp\/v2\/media\/230598"}],"wp:attachment":[{"href":"https:\/\/www.europesays.com\/pt\/wp-json\/wp\/v2\/media?parent=230597"}],"wp:term":[{"taxonomy":"category","embeddable":true,"href":"https:\/\/www.europesays.com\/pt\/wp-json\/wp\/v2\/categories?post=230597"},{"taxonomy":"post_tag","embeddable":true,"href":"https:\/\/www.europesays.com\/pt\/wp-json\/wp\/v2\/tags?post=230597"}],"curies":[{"name":"wp","href":"https:\/\/api.w.org\/{rel}","templated":true}]}}