{"id":230599,"date":"2026-01-15T21:33:09","date_gmt":"2026-01-15T21:33:09","guid":{"rendered":"https:\/\/www.europesays.com\/pt\/230599\/"},"modified":"2026-01-15T21:33:09","modified_gmt":"2026-01-15T21:33:09","slug":"quem-foi-jorge-lafond-solange-couto-acusa-o-ator-de-ter-lhe-dado-um-golpe","status":"publish","type":"post","link":"https:\/\/www.europesays.com\/pt\/230599\/","title":{"rendered":"Quem foi Jorge Lafond? Solange Couto acusa o ator de ter lhe dado um golpe"},"content":{"rendered":"<p>\n                        A atriz relembrou essa hist\u00f3ria durante a participa\u00e7\u00e3o no BBB26\n                    <\/p>\n<ul class=\"article__header__author\">\n<li class=\"article__header__author__item\">\n                                                                                    <img loading=\"lazy\" decoding=\"async\" src=\"https:\/\/www.europesays.com\/pt\/wp-content\/uploads\/2025\/11\/microsoftteams-image-(23)-1jy7orqt0u4hi.png\" width=\"32\" height=\"32\" title=\"Reda\u00e7\u00e3o Terra\" alt=\"Reda\u00e7\u00e3o Terra\" class=\"author-picture\"\/><br \/>\n                                                                            Por:<br \/>\n                                                                                    Reda\u00e7\u00e3o Terra\n                                                                        <\/li>\n<\/ul>\n<p>\n                                    15 jan<br \/>\n                                    2026<br \/>\n                                     &#8211; 16h47\n                                <\/p>\n<p>\n                                                                                                                        (atualizado \u00e0s 17h07)\n                                                                            <\/p>\n<p><img loading=\"lazy\" decoding=\"async\" alt=\"Solange Couto diz que levou golpe de Jorge Lafond, int\u00e9rprete de Vera Ver\u00e3o\" class=\"img-2018170741c3f4c8684b46efd4757bb30o2l0sps\" height=\"435\" src=\"https:\/\/www.europesays.com\/pt\/wp-content\/uploads\/2026\/01\/design-sem-nome-2026-01-15t164312-739-1hbm2i64bjfw0.png\"  title=\"Solange Couto diz que levou golpe de Jorge Lafond, int\u00e9rprete de Vera Ver\u00e3o\" width=\"774\"\/><\/p>\n<p>Solange Couto diz que levou golpe de Jorge Lafond, int\u00e9rprete de Vera Ver\u00e3o<\/p>\n<p>Foto: Reprodu\u00e7\u00e3o\/Instagram\/SBT<\/p>\n<p class=\"text\">O nome do ator Jorge Lafond (1952-2003) virou assunto ap\u00f3s um coment\u00e1rio feito por Solange Couto no BBB26. Em conversa com outros participantes do reality show,\u00a0<a href=\"https:\/\/www.terra.com.br\/diversao\/tv\/reality-shows\/bbb26-solange-couto-revela-ter-levado-golpe-de-um-amigo-famoso,69d301cafb07d157f62b47ae9704844afgeazrrj.html\" rel=\"nofollow noopener\" target=\"_blank\">a atriz contou que levou um golpe de um amigo no passado<\/a>\u00a0e que precisou vender a pr\u00f3pria casa para poder arcar com as d\u00edvidas.<\/p>\n<blockquote>\n<\/blockquote>\n<p>Quem foi Jorge Lafond?<\/p>\n<p class=\"text\">Nascido Jorge Luiz Souza Lima, Jorge Lafond \u00e9 natural do Rio de Janeiro e cresceu na Penha, na zona norte da capital fluminense. Ainda na inf\u00e2ncia, ele come\u00e7ou a trabalhar em uma oficina mec\u00e2nica e, na mesma \u00e9poca, estudou bal\u00e9 e dan\u00e7a africana. Antes de alcan\u00e7ar a maioridade, ele j\u00e1 se dividia entre a escola, aulas de dan\u00e7a e apresenta\u00e7\u00f5es na noite carioca.<\/p>\n<p class=\"text\">O Lafond do nome art\u00edstico do ator e bailarino \u00e9 em homenagem \u00e0 atriz Monique Lafond. Como dan\u00e7arino, ele se apresentou em casas noturnas no Rio de Janeiro e tamb\u00e9m fora do pa\u00eds. Ao voltar ao Brasil, em 1974, estreou na televis\u00e3o como dan\u00e7arino do Fant\u00e1stico e, ap\u00f3s isso, estudou Artes C\u00eanicas na Universidade do Rio de Janeiro.<\/p>\n<p class=\"text\">Nos anos 1980, ele estreou como ator no Viva o Gordo, de J\u00f4 Soares, trabalhou em diferentes programas humor\u00edsticos e novelas, com destaque para A Pra\u00e7a \u00c9 Nossa, onde interpretou Vera Ver\u00e3o por dez anos, de 1992 a 2002.<\/p>\n<p class=\"text\">Ao longo da vida, o artista colecionou algumas pol\u00eamicas, como a autobiografia Vera Ver\u00e3o: Bofes &amp; Babados, em que relatava encontros \u00edntimos com homens famosos, e tamb\u00e9m o fato de ter desfilado praticamente nu no desfile de carnaval da Beija-Flor em 1990.<\/p>\n<p class=\"text\">Jorge Lafond morreu aos 50 anos em 2003 devido a um infarto e fal\u00eancia m\u00faltipla de \u00f3rg\u00e3os, complica\u00e7\u00f5es de problemas card\u00edacos.<\/p>\n<p>Acusa\u00e7\u00e3o de Golpe<\/p>\n<p class=\"text\">Durante uma conversa com outros participantes do BBB26, Solange Couto contou um golpe que levou. &#8220;Levei um golpe de uma pessoa, um colega muito pr\u00f3ximo, que me deu uma porrada e eu tive que vender minha casa. Tive n\u00e3o, eu vendi porque eu n\u00e3o conseguiria olhar para aquelas pessoas com quem eu me comprometi de pagar e n\u00e3o pagar&#8221;, disse ela.<\/p>\n<p class=\"text\">&#8220;Num dia eu tinha uma casa com piscina, quatro quartos, dois carros bons na garagem e tal, e no dia seguinte eu n\u00e3o tinha dinheiro para comprar um miojo&#8221;, completou Solange, sem citar o nome do amigo.<\/p>\n<p class=\"text\">Entretanto, em 2023, a artista contou em entrevista ao\u00a0podcast Na Real\u00a0sobre o golpe que teria levado do ator Jorge Lafond, conhecido por ter interpretado a personagem\u00a0Vera Ver\u00e3o\u00a0no humor\u00edstico A Pra\u00e7a \u00c9 Nossa.<\/p>\n<p class=\"text\">&#8220;Tive um colega que considerava muito, que a gente era muito amigo por muitos anos, de dividir dinheiro, de dar gargalhada, de dividir confid\u00eancia, de se acompanhar. O nome dessa pessoa \u00e9 Jorge Lafond, o ator Jorge Lafond, que fazia a Vera Ver\u00e3o&#8221;, disse ela.<\/p>\n<p class=\"text\">Na \u00e9poca, Solange disse que contou a Jorge que tinha um dinheiro guardado e gostaria de produzir um espet\u00e1culo de teatro. Ent\u00e3o, o ator teria lhe recomendado uma profissional conhecida para lidar com o financeiro e as burocracias envolvendo a pe\u00e7a. Por\u00e9m, no segundo dia da montagem, a mulher teria sumido com o dinheiro de Solange. A atriz tamb\u00e9m nunca mais teve contato com Lafond.<\/p>\n","protected":false},"excerpt":{"rendered":"A atriz relembrou essa hist\u00f3ria durante a participa\u00e7\u00e3o no BBB26 Por: Reda\u00e7\u00e3o Terra 15 jan 2026 &#8211; 16h47&hellip;\n","protected":false},"author":2,"featured_media":230600,"comment_status":"","ping_status":"","sticky":false,"template":"","format":"standard","meta":{"footnotes":""},"categories":[145],"tags":[211,210,114,115,32,33],"class_list":{"0":"post-230599","1":"post","2":"type-post","3":"status-publish","4":"format-standard","5":"has-post-thumbnail","7":"category-celebridades","8":"tag-celebridades","9":"tag-celebrities","10":"tag-entertainment","11":"tag-entretenimento","12":"tag-portugal","13":"tag-pt"},"share_on_mastodon":{"url":"https:\/\/pubeurope.com\/@pt\/115901261640402594","error":""},"_links":{"self":[{"href":"https:\/\/www.europesays.com\/pt\/wp-json\/wp\/v2\/posts\/230599","targetHints":{"allow":["GET"]}}],"collection":[{"href":"https:\/\/www.europesays.com\/pt\/wp-json\/wp\/v2\/posts"}],"about":[{"href":"https:\/\/www.europesays.com\/pt\/wp-json\/wp\/v2\/types\/post"}],"author":[{"embeddable":true,"href":"https:\/\/www.europesays.com\/pt\/wp-json\/wp\/v2\/users\/2"}],"replies":[{"embeddable":true,"href":"https:\/\/www.europesays.com\/pt\/wp-json\/wp\/v2\/comments?post=230599"}],"version-history":[{"count":0,"href":"https:\/\/www.europesays.com\/pt\/wp-json\/wp\/v2\/posts\/230599\/revisions"}],"wp:featuredmedia":[{"embeddable":true,"href":"https:\/\/www.europesays.com\/pt\/wp-json\/wp\/v2\/media\/230600"}],"wp:attachment":[{"href":"https:\/\/www.europesays.com\/pt\/wp-json\/wp\/v2\/media?parent=230599"}],"wp:term":[{"taxonomy":"category","embeddable":true,"href":"https:\/\/www.europesays.com\/pt\/wp-json\/wp\/v2\/categories?post=230599"},{"taxonomy":"post_tag","embeddable":true,"href":"https:\/\/www.europesays.com\/pt\/wp-json\/wp\/v2\/tags?post=230599"}],"curies":[{"name":"wp","href":"https:\/\/api.w.org\/{rel}","templated":true}]}}