{"id":230605,"date":"2026-01-15T21:40:17","date_gmt":"2026-01-15T21:40:17","guid":{"rendered":"https:\/\/www.europesays.com\/pt\/230605\/"},"modified":"2026-01-15T21:40:17","modified_gmt":"2026-01-15T21:40:17","slug":"gestante-realiza-ensaio-no-hrn-durante-internacao","status":"publish","type":"post","link":"https:\/\/www.europesays.com\/pt\/230605\/","title":{"rendered":"Gestante realiza ensaio no HRN durante interna\u00e7\u00e3o"},"content":{"rendered":"<p>&#13;<br \/>\n        &#13;<br \/>\n            &#13;<br \/>\n&#13;<br \/>\n            &#13;<br \/>\n&#13;<br \/>\n            &#13;<br \/>\n                <a href=\"\">15 de janeiro de 2026 &#8211; 15:08<\/a>&#13;<br \/>\n                                      #<a href=\"https:\/\/www.ceara.gov.br\/tag\/hospital-regional-norte\/\" rel=\"tag nofollow noopener\" target=\"_blank\">Hospital Regional Norte<\/a> #<a href=\"https:\/\/www.ceara.gov.br\/tag\/humanizacao\/\" rel=\"tag nofollow noopener\" target=\"_blank\">Humaniza\u00e7\u00e3o<\/a> #<a href=\"https:\/\/www.ceara.gov.br\/tag\/obstetricia\/\" rel=\"tag nofollow noopener\" target=\"_blank\">obstetr\u00edcia<\/a> &#13;<br \/>\n                            &#13;<br \/>\n&#13;<\/p>\n<p> Jos\u00e9 Avelino Neto &#8211; Ascom HRN  &#8211; Texto <br \/>&#13;<br \/>\n Rogelaine Macedo &#8211; HRN  &#8211; Fotos <\/p>\n<p>                &#13;<br \/>\n            &#13;<\/p>\n<p style=\"text-align: center\"><img fetchpriority=\"high\" decoding=\"async\" class=\"aligncenter wp-image-150565 size-full\" src=\"https:\/\/www.europesays.com\/pt\/wp-content\/uploads\/2026\/01\/ensaio-gestante-HRN-1.png\" alt=\"\" width=\"775\" height=\"485\"\/>Ensaio que vinha sendo planejado foi improvisado dentro do Hospital durante a interna\u00e7\u00e3o<\/p>\n<p>Muitas gestantes carregam o sonho de fazer um ensaio fotogr\u00e1fico do per\u00edodo de gravidez. Mas quando as coisas n\u00e3o saem como o esperado e \u00e9 necess\u00e1ria uma interna\u00e7\u00e3o antes do tempo previsto? Uma paciente do Hospital Regional Norte (HRN) decidiu fazer seu ensaio no pr\u00f3prio hospital, unidade da Secretaria da Sa\u00fade do Cear\u00e1 (Sesa) em Sobral.<\/p>\n<p>\u201cFoi m\u00e1gico!\u201d, \u00e9 como define a professora Ana Roberta de Carvalho, 28 anos, moradora de Massap\u00ea. Ela precisou ser encaminhada ao HRN porque a gesta\u00e7\u00e3o de sua primeira filha, Ana Luara, era considerada de risco.<\/p>\n<p style=\"text-align: center\"><img loading=\"lazy\" decoding=\"async\" class=\"aligncenter wp-image-150566 size-full\" src=\"https:\/\/www.europesays.com\/pt\/wp-content\/uploads\/2026\/01\/ensaio-gestante-HRN.png\" alt=\"\" width=\"775\" height=\"485\"\/>Ana Roberta recebeu apoio da equipe do HRN que promoveu uma log\u00edstica segura para garantir que o ensaio fosse poss\u00edvel<\/p>\n<p>A professora j\u00e1 passava dos 40 dias internada, at\u00e9 saber que n\u00e3o poderia mais receber alta at\u00e9 dar \u00e0 luz. \u201cPor ser uma gravidez de risco, esse detalhe faz com que nossa beb\u00ea seja ainda mais esperada, ent\u00e3o resolvi fazer o ensaio aqui mesmo\u201d, conta. Junto do esposo e da fam\u00edlia, ela contou com o apoio da equipe do HRN e da fot\u00f3grafa e amiga Rogelaine Mac\u00eado para que a ideia fosse poss\u00edvel.<img loading=\"lazy\" decoding=\"async\" class=\"wp-image-150568 alignleft\" src=\"https:\/\/www.europesays.com\/pt\/wp-content\/uploads\/2026\/01\/ENSAIO-GESTANTE-HRN-4-600x900.jpeg\" alt=\"\" width=\"298\" height=\"446\"\/><\/p>\n<p>No pr\u00f3prio leito, a fot\u00f3grafa montou um cen\u00e1rio neutro com toda a seguran\u00e7a para a gestante. Tamb\u00e9m foi utilizada a \u00e1rea externa do HRN, onde existe um jardim.<\/p>\n<p>\u201cRoberta tinha o desejo de ser fotografada e h\u00e1 dias tinha marcado suas fotos, mas a gente remarcava por ela continuar internada. Eu j\u00e1 tinha tido duas vezes a experi\u00eancia de fotografar gestantes no Hospital Regional e dei a ideia a ela\u201d, conta Rogelaine.<\/p>\n<p>Raquel Correia, enfermeira da obstetr\u00edcia do HRN, reflete que dar a gestante a possibilidade de fazer seu ensaio no pr\u00f3prio hospital, mostra como a unidade de sa\u00fade pode ser tamb\u00e9m um ambiente de afeto, mem\u00f3rias e esperan\u00e7a. \u201cRepresenta acolhimento, resgate da autoestima, ajudando a gestante a se reconhecer n\u00e3o apenas como paciente, mas como mulher, m\u00e3e e como protagonista da sua hist\u00f3ria\u201d, diz a enfermeira.<\/p>\n<p>Com cen\u00e1rios improvisados, mas n\u00e3o menos inspiradores, e o clima que antecede a chegada das chuvas proporcionando um ch\u00e3o repleto de flores e folhas, o resultado foi um book encantador. \u201cEra algo que eu queria muito, que j\u00e1 estava programado h\u00e1 algum tempo, foi tudo muito lindo! Espero que outras m\u00e3ezinhas tenham essa mesma oportunidade\u201d, diz Ana Roberta.<\/p>\n<p style=\"text-align: center\"><img loading=\"lazy\" decoding=\"async\" class=\"aligncenter wp-image-150567\" src=\"https:\/\/www.europesays.com\/pt\/wp-content\/uploads\/2026\/01\/ENSAIO-GESTANTE-HRN-1-600x900.jpeg\" alt=\"\" width=\"775\" height=\"1163\"\/><br \/>Esta\u00e7\u00e3o do ano proporcionou lindas fotos externas<\/p>\n<p>&#13;<br \/>\n            &#13;<br \/>\n&#13;<br \/>\n&#13;<\/p>\n","protected":false},"excerpt":{"rendered":"&#13; &#13; &#13; &#13; &#13; &#13; &#13; 15 de janeiro de 2026 &#8211; 15:08&#13; #Hospital Regional Norte #Humaniza\u00e7\u00e3o&hellip;\n","protected":false},"author":2,"featured_media":230439,"comment_status":"","ping_status":"","sticky":false,"template":"","format":"standard","meta":{"footnotes":""},"categories":[86],"tags":[1222,1218,1221,1220,1217,1224,1223,1225,1219,116,32,33,117],"class_list":{"0":"post-230605","1":"post","2":"type-post","3":"status-publish","4":"format-standard","5":"has-post-thumbnail","7":"category-saude","8":"tag-aplicativo-ceara","9":"tag-aplicativos","10":"tag-atendimento-online","11":"tag-cagece","12":"tag-ceara-app","13":"tag-corona","14":"tag-corona-virus","15":"tag-covid19","16":"tag-detran","17":"tag-health","18":"tag-portugal","19":"tag-pt","20":"tag-saude"},"share_on_mastodon":{"url":"https:\/\/pubeurope.com\/@pt\/115901289270761953","error":""},"_links":{"self":[{"href":"https:\/\/www.europesays.com\/pt\/wp-json\/wp\/v2\/posts\/230605","targetHints":{"allow":["GET"]}}],"collection":[{"href":"https:\/\/www.europesays.com\/pt\/wp-json\/wp\/v2\/posts"}],"about":[{"href":"https:\/\/www.europesays.com\/pt\/wp-json\/wp\/v2\/types\/post"}],"author":[{"embeddable":true,"href":"https:\/\/www.europesays.com\/pt\/wp-json\/wp\/v2\/users\/2"}],"replies":[{"embeddable":true,"href":"https:\/\/www.europesays.com\/pt\/wp-json\/wp\/v2\/comments?post=230605"}],"version-history":[{"count":0,"href":"https:\/\/www.europesays.com\/pt\/wp-json\/wp\/v2\/posts\/230605\/revisions"}],"wp:featuredmedia":[{"embeddable":true,"href":"https:\/\/www.europesays.com\/pt\/wp-json\/wp\/v2\/media\/230439"}],"wp:attachment":[{"href":"https:\/\/www.europesays.com\/pt\/wp-json\/wp\/v2\/media?parent=230605"}],"wp:term":[{"taxonomy":"category","embeddable":true,"href":"https:\/\/www.europesays.com\/pt\/wp-json\/wp\/v2\/categories?post=230605"},{"taxonomy":"post_tag","embeddable":true,"href":"https:\/\/www.europesays.com\/pt\/wp-json\/wp\/v2\/tags?post=230605"}],"curies":[{"name":"wp","href":"https:\/\/api.w.org\/{rel}","templated":true}]}}