{"id":230606,"date":"2026-01-15T21:41:24","date_gmt":"2026-01-15T21:41:24","guid":{"rendered":"https:\/\/www.europesays.com\/pt\/230606\/"},"modified":"2026-01-15T21:41:24","modified_gmt":"2026-01-15T21:41:24","slug":"a-melhor-lunacao-de-2026","status":"publish","type":"post","link":"https:\/\/www.europesays.com\/pt\/230606\/","title":{"rendered":"a melhor luna\u00e7\u00e3o de 2026!"},"content":{"rendered":"<p dir=\"ltr\">A Lua Nova em Capric\u00f3rnio, no dia 18 de Janeiro, abre um dos portais mais estruturados, conscientes e transformadores deste ano. Trata-se de uma Lua Nova excepcional, que n\u00e3o s\u00f3 inaugura um novo m\u00eas lunar, como consolida uma verdadeira assembleia planet\u00e1ria no signo da constru\u00e7\u00e3o de estruturas. Lua e Sol unem-se a Merc\u00fario, V\u00e9nus, Marte e Plut\u00e3o, criando um campo de for\u00e7a capaz de reorganizar escolhas, compromissos e estruturas de vida que vinham a ser sustentadas pela in\u00e9rcia, e n\u00e3o pela nossa verdade interior.<\/p>\n<p dir=\"ltr\">Capric\u00f3rnio \u00e9 o signo do tempo, da maturidade e da responsabilidade assumida. Quando muitos planetas se concentram neste signo, a vida deixa claro que j\u00e1 n\u00e3o h\u00e1 espa\u00e7o para improvisos nem para projectos sem estrutura. A luna\u00e7\u00e3o em Capric\u00f3rnio exige coer\u00eancia a longo prazo. Tudo o que come\u00e7a neste per\u00edodo precisa de solidez suficiente para atravessar o tempo.<\/p>\n<p dir=\"ltr\">A presen\u00e7a de Plut\u00e3o intensifica este processo de forma radical. Ele actua como um alquimista silencioso, expondo estruturas internas e externas que j\u00e1 n\u00e3o fazem sentido manter. Antigos pactos, ambi\u00e7\u00f5es baseadas no medo, padr\u00f5es de controlo e estrat\u00e9gias de sobreviv\u00eancia podem ruir para dar lugar a uma nova forma de viver. \u00c9 tempo de eliminar o que j\u00e1 cumpriu a sua fun\u00e7\u00e3o, para que algo mais significativo possa nascer.<\/p>\n<p dir=\"ltr\">Marte, tamb\u00e9m envolvido nesta uni\u00e3o de planetas, aumenta a coragem e o impulso, mas exige direc\u00e7\u00e3o. A ac\u00e7\u00e3o deve ser estrat\u00e9gica e n\u00e3o baseada no impulso cego. Cada movimento pede consci\u00eancia de todas as consequ\u00eancias que se desencadeiam a partir das escolhas feitas. Merc\u00fario traz lucidez mental e capacidade de planeamento, favorecendo decis\u00f5es, conversas e acordos firmados com base na realidade, e n\u00e3o em promessas vagas. V\u00e9nus, por sua vez, questiona valores e pergunta o que realmente merece o seu investimento emocional, energ\u00e9tico e material. Rela\u00e7\u00f5es, trabalho e projectos que n\u00e3o oferecem reciprocidade ou um sentido mais profundo tendem ao encerramento.<\/p>\n<p dir=\"ltr\">O que torna esta luna\u00e7\u00e3o ainda mais especial \u00e9 o excelente di\u00e1logo que este stellium estabelece com Saturno, Neptuno e Urano. Saturno, regente de Capric\u00f3rnio, actua como guardi\u00e3o deste processo, trazendo estrutura, refor\u00e7ando a disciplina e oferecendo oportunidades para amadurecer decis\u00f5es que prometem durabilidade. Ele sustenta o que \u00e9 verdadeiro, exp\u00f5e o que \u00e9 fr\u00e1gil e refor\u00e7a o chamamento \u00e0 responsabilidade sobre a pr\u00f3pria vida.<\/p>\n<p dir=\"ltr\">Neptuno acrescenta uma dimens\u00e3o espiritual e sens\u00edvel a este processo. Suaviza a rigidez capricorniana e recorda que n\u00e3o basta construir por construir: \u00e9 necess\u00e1rio alinhar prop\u00f3sito, alma e significado. Sonhos antigos podem ganhar forma concreta, desde que estejam ancorados na realidade. As intui\u00e7\u00f5es tornam-se guias fi\u00e1veis, especialmente para quem estiver disposto a escut\u00e1-las.<\/p>\n<p dir=\"ltr\">Urano traz o sopro da renova\u00e7\u00e3o; abre caminhos inesperados, oferece solu\u00e7\u00f5es criativas e rompe com modelos ultrapassados de sucesso e seguran\u00e7a. Mudan\u00e7as que antes pareciam arriscadas revelam-se agora necess\u00e1rias e libertadoras. O novo n\u00e3o surge do caos, mas de uma evolu\u00e7\u00e3o consciente, capaz de modernizar estruturas sem as destruir por completo.<\/p>\n<p dir=\"ltr\">Esta luna\u00e7\u00e3o marca, assim, um verdadeiro ponto de viragem. Oferece-nos algo ainda mais valioso: a possibilidade de unir vontade, ac\u00e7\u00e3o, valores e prop\u00f3sito num mesmo eixo. O que come\u00e7a sob esta Lua Nova tende a crescer lentamente, mas com ra\u00edzes muito profundas. \u00c9 um convite a assumir o pr\u00f3prio poder com maturidade e a construir uma vida que possa ser sustentada com dignidade ao longo do tempo.<\/p>\n<p dir=\"ltr\">As sementes plantadas neste momento carregam peso k\u00e1rmico, responsabilidade e, simultaneamente, um grande potencial de realiza\u00e7\u00e3o. Quem aceitar este chamamento n\u00e3o estar\u00e1 apenas a iniciar um novo ciclo, mas a redefinir a forma como se relaciona com o pr\u00f3prio destino.<\/p>\n<p>\u00a0<\/p>\n","protected":false},"excerpt":{"rendered":"A Lua Nova em Capric\u00f3rnio, no dia 18 de Janeiro, abre um dos portais mais estruturados, conscientes e&hellip;\n","protected":false},"author":2,"featured_media":230607,"comment_status":"","ping_status":"","sticky":false,"template":"","format":"standard","meta":{"footnotes":""},"categories":[85],"tags":[114,115,32,33],"class_list":{"0":"post-230606","1":"post","2":"type-post","3":"status-publish","4":"format-standard","5":"has-post-thumbnail","7":"category-entretenimento","8":"tag-entertainment","9":"tag-entretenimento","10":"tag-portugal","11":"tag-pt"},"share_on_mastodon":{"url":"https:\/\/pubeurope.com\/@pt\/115901293025890823","error":""},"_links":{"self":[{"href":"https:\/\/www.europesays.com\/pt\/wp-json\/wp\/v2\/posts\/230606","targetHints":{"allow":["GET"]}}],"collection":[{"href":"https:\/\/www.europesays.com\/pt\/wp-json\/wp\/v2\/posts"}],"about":[{"href":"https:\/\/www.europesays.com\/pt\/wp-json\/wp\/v2\/types\/post"}],"author":[{"embeddable":true,"href":"https:\/\/www.europesays.com\/pt\/wp-json\/wp\/v2\/users\/2"}],"replies":[{"embeddable":true,"href":"https:\/\/www.europesays.com\/pt\/wp-json\/wp\/v2\/comments?post=230606"}],"version-history":[{"count":0,"href":"https:\/\/www.europesays.com\/pt\/wp-json\/wp\/v2\/posts\/230606\/revisions"}],"wp:featuredmedia":[{"embeddable":true,"href":"https:\/\/www.europesays.com\/pt\/wp-json\/wp\/v2\/media\/230607"}],"wp:attachment":[{"href":"https:\/\/www.europesays.com\/pt\/wp-json\/wp\/v2\/media?parent=230606"}],"wp:term":[{"taxonomy":"category","embeddable":true,"href":"https:\/\/www.europesays.com\/pt\/wp-json\/wp\/v2\/categories?post=230606"},{"taxonomy":"post_tag","embeddable":true,"href":"https:\/\/www.europesays.com\/pt\/wp-json\/wp\/v2\/tags?post=230606"}],"curies":[{"name":"wp","href":"https:\/\/api.w.org\/{rel}","templated":true}]}}