{"id":230612,"date":"2026-01-15T21:46:15","date_gmt":"2026-01-15T21:46:15","guid":{"rendered":"https:\/\/www.europesays.com\/pt\/230612\/"},"modified":"2026-01-15T21:46:15","modified_gmt":"2026-01-15T21:46:15","slug":"com-uma-goleada-de-entreajuda-o-fc-porto-empurrou-a-epoca-do-benfica-para-o-abismo","status":"publish","type":"post","link":"https:\/\/www.europesays.com\/pt\/230612\/","title":{"rendered":"Com uma goleada de entreajuda, o FC Porto empurrou a \u00e9poca do Benfica para o abismo"},"content":{"rendered":"<p>Toca a campainha. Os alunos entram na aula de Matem\u00e1tica. Abrem o livro de exerc\u00edcios e deparam-se com um problema.<\/p>\n<p>Amar Dedic tenta avan\u00e7ar pela ala direita. \u00c0 sua volta, est\u00e3o cinco advers\u00e1rios do FC Porto. Qual \u00e9 a probabilidade do jogador do Benfica conseguir progredir?<\/p>\n<p>Nem os mais batoteiros precisam de ir \u00e0s solu\u00e7\u00f5es para responderem que o b\u00f3snio n\u00e3o tinha qualquer chance de avan\u00e7ar. O lance at\u00e9 gerou controv\u00e9rsia e o caldo testou os limites da panela. Reteve-se a musculada captura que o FC Porto fez ao lateral.<\/p>\n<p>Chegou a parecer que a Terra \u00e9 azul vista do espa\u00e7o, porque Francesco Farioli tem jogadores espalhados por toda a parte. Foi na vigil\u00e2ncia que cada cent\u00edmetro do campo que os drag\u00f5es se superiorizaram num cl\u00e1ssico em que deram uma goleada de entreajuda para garantirem as meias-finais da Ta\u00e7a de Portugal.<\/p>\n<p>Porque nada flui com naturalidade, nenhum passe \u00e9 feito sem pensar duas vezes, o Benfica pareceu estar no blind date. Ainda assim, sendo mais letal, at\u00e9 podia ter disfar\u00e7ado o qu\u00e3o pouco desenvolvida est\u00e1 a sua paix\u00e3o. \u00c9 que o caminho na Ta\u00e7a de Portugal \u00e9 todo ele feito junto \u00e0 berma do abismo, sujeito ao respeito que o vento tenha pelo perigo de queda. Por\u00e9m, para os encarnados, fora da luta por qualquer t\u00edtulo, era a sobreviv\u00eancia da \u00e9poca que estava em causa. Pela pouca luta que deram ao tornado, n\u00e3o parecia.<\/p>\n<p>O velcro do medidor de tens\u00e3o rebentaria se fosse posto a trabalhar no bra\u00e7o dos envolvidos. Pouco depois de ter tocado na bola pela primeira vez, Prestianni tentou vender ao \u00e1rbitro que Kiwior o tinha agredido e refastelou-se diante do banco do FC Porto. De seguida, Dedic disponibilizou uma gravata a um oponente e n\u00e3o demoraria a que Martim Fernandes come\u00e7asse a jorrar sangue do nariz ap\u00f3s uma involunt\u00e1ria cabe\u00e7ada de Sidny Cabral.<\/p>\n<p>Martim Fernandes e Sidny Cabral travaram uma luta intensa<\/p>\n<p>Jose Manuel Alvarez Rey<\/p>\n<p>Os ovos mexidos a fritar no relvado do Drag\u00e3o beneficiaram o FC Porto. Se o frenesim \u00e9 muito e a dupla Garbri Veiga-Victor Froholdt tem espa\u00e7o para conduzir, aten\u00e7\u00e3o. O andamento dos drag\u00f5es era tanto que os ataques eram desenvolvidos em diferentes vagas. Achava o Benfica que tinha conseguido um al\u00edvio e l\u00e1 vinha uma nova onda de jogadores portistas, intrat\u00e1veis na luta por segundas bolas.<\/p>\n<p>Francesco Farioli desenvolveu um modelo altamente avan\u00e7ado de martelo pneum\u00e1tico. O Benfica n\u00e3o respirou bem nesta nuvem de proatividade a causar uma sensa\u00e7\u00e3o de impot\u00eancia em quem era incapaz de acompanhar o ritmo. O FC Porto massacrou sem comisera\u00e7\u00e3o. Como a defesa encarnada nada resolvia \u00e0 primeira, a resili\u00eancia azul e branca multiplicava um canto em v\u00e1rios e, assim, ap\u00f3s m\u00faltiplas tentativas, Bednarek banalizou a presen\u00e7a de Leandro Barreiro, fr\u00e1gil marcador do polaco no lance do 1-0, e desviou de cabe\u00e7a.<\/p>\n<p>O conforto sentido pelos jogadores encarnados para finalizar foi, at\u00e9 aqui, nulo. A press\u00e3o obrigou Prestianni e Dedic a errarem o alvo. O acompanhamento defensivo que Pep\u00ea fez a Sidny Cabral quando este amea\u00e7ava correr meio-campo sem que o travassem, representou o compromisso geral na defesa da baliza de Diogo Costa.<\/p>\n<p>Gabri Veiga maravilhava-se com a vontade do Benfica discutir o jogo. Quando os seus carregamentos se infiltravam no bloco contr\u00e1rio, o FC Porto sobrepunha-se. Tal circunst\u00e2ncia, motivou uma dupla oportunidade que o m\u00e9dio espanhol n\u00e3o concretizou. Na recarga, Trubin imp\u00f4s-se tamb\u00e9m perante Froholdt.<\/p>\n<p>Thiago Silva estreou-se pelo FC Porto<\/p>\n<p>Eurasia Sport Images<\/p>\n<p>Jos\u00e9 Mourinho apresentou um onze andrajoso. Na aus\u00eancia do castigado Otamendi, o acompanhante de Tom\u00e1s Ara\u00fajo foi Ant\u00f3nio Silva, cuja condi\u00e7\u00e3o f\u00edsica era uma preocupa\u00e7\u00e3o. Aursnes, a chave mestra, derivou da direita para o meio e, \u00e0 falta de melhores op\u00e7\u00f5es, Sidny Cabral estreou-se a titular. Em cima do intervalo, Richard R\u00edos sairia lesionado.<\/p>\n<p>O ajuste passou por encurtar a r\u00e9dea a Leandro Barreiro e fazer entrar Sudakov. Mesmo mais recuado, o luxemburgu\u00eas n\u00e3o resistiu \u00e0 tenta\u00e7\u00e3o de acompanhar o sucessivo desembara\u00e7ar de advers\u00e1rios protagonizado por Prestianni. Nas sobras, Diogo Costa teve que intervir com o p\u00e9.<\/p>\n<p>J\u00e1 Martim Fernandes tinha trocado mil vezes de camisola, tal a quantidade de sangue que continuava a perder para o tecido, quando o FC Porto moderou a temperatura do cl\u00e1ssico sem perder a tenacidade nos duelos. Registaram-se apenas dois lapsos: a ressaca de um canto, momento em que Tom\u00e1s Ara\u00fajo rematou ao lado, e a liberdade dada a Pavlidis, que falhou um desvio na pequena \u00e1rea em cima do apito final.<\/p>\n<p>Pep\u00ea e Pablo Rosario recuavam tanto quanto fosse necess\u00e1rio para compor uma linha defensiva que perdeu Bednarek por les\u00e3o, mas que teve sempre a eleg\u00e2ncia do estreante Thiago Silva. Na primeira vez que o brasileiro passou pelo FC Porto, em 2005, ainda faltavam dois anos para Rodrigo Mora nascer. Ali\u00e1s, mesmo que o jovem azul e branco tivesse vivido duas vezes, continuava a n\u00e3o ter idade para o ultrapassar os 41 anos do central que arredou Kiwior para o lado esquerdo.<\/p>\n<p>Quando entrou, Rodrigo Mora veio com uma atitude semelhante \u00e0 de um trinco sul-americano e isso diz tudo sobre o que o FC Porto fez para chegar \u00e0s meias-finais e o Benfica n\u00e3o.<\/p>\n","protected":false},"excerpt":{"rendered":"Toca a campainha. Os alunos entram na aula de Matem\u00e1tica. Abrem o livro de exerc\u00edcios e deparam-se com&hellip;\n","protected":false},"author":2,"featured_media":230613,"comment_status":"","ping_status":"","sticky":false,"template":"","format":"standard","meta":{"footnotes":""},"categories":[8],"tags":[27,28,15,16,14,25,26,21,22,12,13,19,20,32,23,24,33,17,18,29,30,31],"class_list":{"0":"post-230612","1":"post","2":"type-post","3":"status-publish","4":"format-standard","5":"has-post-thumbnail","7":"category-principais-noticias","8":"tag-breaking-news","9":"tag-breakingnews","10":"tag-featured-news","11":"tag-featurednews","12":"tag-headlines","13":"tag-latest-news","14":"tag-latestnews","15":"tag-main-news","16":"tag-mainnews","17":"tag-news","18":"tag-noticias","19":"tag-noticias-principais","20":"tag-noticiasprincipais","21":"tag-portugal","22":"tag-principais-noticias","23":"tag-principaisnoticias","24":"tag-pt","25":"tag-top-stories","26":"tag-topstories","27":"tag-ultimas","28":"tag-ultimas-noticias","29":"tag-ultimasnoticias"},"share_on_mastodon":{"url":"https:\/\/pubeurope.com\/@pt\/115901313122972719","error":""},"_links":{"self":[{"href":"https:\/\/www.europesays.com\/pt\/wp-json\/wp\/v2\/posts\/230612","targetHints":{"allow":["GET"]}}],"collection":[{"href":"https:\/\/www.europesays.com\/pt\/wp-json\/wp\/v2\/posts"}],"about":[{"href":"https:\/\/www.europesays.com\/pt\/wp-json\/wp\/v2\/types\/post"}],"author":[{"embeddable":true,"href":"https:\/\/www.europesays.com\/pt\/wp-json\/wp\/v2\/users\/2"}],"replies":[{"embeddable":true,"href":"https:\/\/www.europesays.com\/pt\/wp-json\/wp\/v2\/comments?post=230612"}],"version-history":[{"count":0,"href":"https:\/\/www.europesays.com\/pt\/wp-json\/wp\/v2\/posts\/230612\/revisions"}],"wp:featuredmedia":[{"embeddable":true,"href":"https:\/\/www.europesays.com\/pt\/wp-json\/wp\/v2\/media\/230613"}],"wp:attachment":[{"href":"https:\/\/www.europesays.com\/pt\/wp-json\/wp\/v2\/media?parent=230612"}],"wp:term":[{"taxonomy":"category","embeddable":true,"href":"https:\/\/www.europesays.com\/pt\/wp-json\/wp\/v2\/categories?post=230612"},{"taxonomy":"post_tag","embeddable":true,"href":"https:\/\/www.europesays.com\/pt\/wp-json\/wp\/v2\/tags?post=230612"}],"curies":[{"name":"wp","href":"https:\/\/api.w.org\/{rel}","templated":true}]}}