{"id":230618,"date":"2026-01-15T21:52:08","date_gmt":"2026-01-15T21:52:08","guid":{"rendered":"https:\/\/www.europesays.com\/pt\/230618\/"},"modified":"2026-01-15T21:52:08","modified_gmt":"2026-01-15T21:52:08","slug":"the-dreadful-remake-de-onibaba-com-astros-de-got-ganha-trailer","status":"publish","type":"post","link":"https:\/\/www.europesays.com\/pt\/230618\/","title":{"rendered":"The Dreadful | Remake de Onibaba com astros de GoT ganha trailer"},"content":{"rendered":"<p>O filme de terror <strong>The Dreadful<\/strong>,\u00a0remake do terror japon\u00eas\u00a0<strong>Onibaba<\/strong> (1964), acaba de ganhar seu primeiro trailer. Assista acima.<\/p>\n<p>A obra vindoura tem como protagonistas os atores <strong>Sophie Turner<\/strong> e <strong>Kit Harington<\/strong>, renovando a parceria de sucesso que fizeram na aclamada s\u00e9rie\u00a0<strong>Game of Thrones<\/strong>.<\/p>\n<p>            Continua depois da Publicidade<\/p>\n<p>Tendo como pano de fundo a Guerra das Rosas, a hist\u00f3ria acompanha Anne e sua sogra, Morwen, que vivem uma vida solit\u00e1ria e \u00e1rdua \u00e0 margem da sociedade. Mas quando um homem do passado retorna, ele desencadeia uma s\u00e9rie de eventos que se tornam um ponto de virada na vida de Anne.<\/p>\n<p>Escrito e dirigido por\u00a0<strong>Natasha Kermani\u00a0<\/strong>(V\/H\/S\/85), o filme traz, al\u00e9m de Sophie Turner e Kit Harington,\u00a0<strong>Marcia Gay Harden, Laurence O&#8217;Fuarain\u00a0<\/strong>e\u00a0<strong>Jonathan Howard<\/strong>.<\/p>\n<p>The Dreadful ainda n\u00e3o tem data para estrear. Fique ligado no\u00a0<strong>Omelete\u00a0<\/strong>para mais novidades!<\/p>\n","protected":false},"excerpt":{"rendered":"O filme de terror The Dreadful,\u00a0remake do terror japon\u00eas\u00a0Onibaba (1964), acaba de ganhar seu primeiro trailer. Assista acima.&hellip;\n","protected":false},"author":2,"featured_media":230619,"comment_status":"","ping_status":"","sticky":false,"template":"","format":"standard","meta":{"footnotes":""},"categories":[140],"tags":[114,115,147,148,146,32,33],"class_list":{"0":"post-230618","1":"post","2":"type-post","3":"status-publish","4":"format-standard","5":"has-post-thumbnail","7":"category-filmes","8":"tag-entertainment","9":"tag-entretenimento","10":"tag-film","11":"tag-filmes","12":"tag-movies","13":"tag-portugal","14":"tag-pt"},"share_on_mastodon":{"url":"https:\/\/pubeurope.com\/@pt\/115901336317104433","error":""},"_links":{"self":[{"href":"https:\/\/www.europesays.com\/pt\/wp-json\/wp\/v2\/posts\/230618","targetHints":{"allow":["GET"]}}],"collection":[{"href":"https:\/\/www.europesays.com\/pt\/wp-json\/wp\/v2\/posts"}],"about":[{"href":"https:\/\/www.europesays.com\/pt\/wp-json\/wp\/v2\/types\/post"}],"author":[{"embeddable":true,"href":"https:\/\/www.europesays.com\/pt\/wp-json\/wp\/v2\/users\/2"}],"replies":[{"embeddable":true,"href":"https:\/\/www.europesays.com\/pt\/wp-json\/wp\/v2\/comments?post=230618"}],"version-history":[{"count":0,"href":"https:\/\/www.europesays.com\/pt\/wp-json\/wp\/v2\/posts\/230618\/revisions"}],"wp:featuredmedia":[{"embeddable":true,"href":"https:\/\/www.europesays.com\/pt\/wp-json\/wp\/v2\/media\/230619"}],"wp:attachment":[{"href":"https:\/\/www.europesays.com\/pt\/wp-json\/wp\/v2\/media?parent=230618"}],"wp:term":[{"taxonomy":"category","embeddable":true,"href":"https:\/\/www.europesays.com\/pt\/wp-json\/wp\/v2\/categories?post=230618"},{"taxonomy":"post_tag","embeddable":true,"href":"https:\/\/www.europesays.com\/pt\/wp-json\/wp\/v2\/tags?post=230618"}],"curies":[{"name":"wp","href":"https:\/\/api.w.org\/{rel}","templated":true}]}}