{"id":230624,"date":"2026-01-15T21:58:07","date_gmt":"2026-01-15T21:58:07","guid":{"rendered":"https:\/\/www.europesays.com\/pt\/230624\/"},"modified":"2026-01-15T21:58:07","modified_gmt":"2026-01-15T21:58:07","slug":"estou-comovido-papa-recebe-familiares-das-vitimas-de-crans-montana","status":"publish","type":"post","link":"https:\/\/www.europesays.com\/pt\/230624\/","title":{"rendered":"&#8220;Estou comovido&#8221;: Papa recebe familiares das v\u00edtimas de Crans-Montana"},"content":{"rendered":"<p>A como\u00e7\u00e3o marcou a audi\u00eancia de Le\u00e3o XIV \u00e0s fam\u00edlias dos mortos e feridos no inc\u00eandio no bar &#8220;Le Constellation&#8221;, na Su\u00ed\u00e7a. Na trag\u00e9dia, 40 pessoas morreram e 116 ficaram feridas.<\/p>\n<p><b>Vatican News<\/b><\/p>\n<p>Diante de trag\u00e9dias como a dos jovens de Crans-Montana, que dizer? Onde encontrar consolo? O Papa Le\u00e3o XIV tentou responder a esses questionamentos recebendo em audi\u00eancia esta quinta-feira (15\/01), no Vaticano, os familiares das v\u00edtimas italianas.<\/p>\n<p>O Santo Padre declarou-se &#8220;comovido&#8221; ao encontrar as fam\u00edlias: &#8220;Quando soube que algu\u00e9m havia solicitado esta audi\u00eancia, logo disse que encontrar\u00edamos tempo. Queria pelo menos ter a oportunidade de compartilhar um momento que para voc\u00eas, em meio a tanta dor e sofrimento, \u00e9 realmente uma prova\u00e7\u00e3o da nossa f\u00e9, \u00e9 uma prova\u00e7\u00e3o daquilo que acreditamos. E muitas vezes nos perguntamos: por que, Senhor?<b>\u201d.<\/b><\/p>\n<p>&#8220;Esses s\u00e3o momentos de grande dor e sofrimento. Uma das pessoas mais queridas e amadas por voc\u00eas perdeu a vida em uma cat\u00e1strofe de extrema viol\u00eancia, ou est\u00e1 internada no hospital por um longo per\u00edodo, com o corpo desfigurado pelas consequ\u00eancias de um terr\u00edvel inc\u00eandio que marcou a imagina\u00e7\u00e3o de todo o mundo. E isso aconteceu no momento mais inesperado, em um dia em que todos se divertiam e comemoravam para trocar votos de alegria e felicidade&#8221;.\u00a0<\/p>\n<p>\u00c0 pergunta que sentido dar a tal evento, onde encontrar um consolo \u00e0 altura do que sentem, que n\u00e3o seja constitu\u00eddo por frases v\u00e3s e superficiais, o Papa Le\u00e3o afirmou que talvez haja apenas uma palavra adequada, que \u00e9 do Filho de Deus na cruz que, do fundo de seu abandono e de sua dor, clamou ao Pai: \u201cMeu Deus, meu Deus, por que me abandonaste?\u201d (Mt 27, 46).<\/p>\n<p>&#8220;A resposta do Pai ao pedido do Filho demora tr\u00eas dias, em sil\u00eancio. Mas que resposta!&#8221;, disse o Santo Padre. &#8220;Jesus ressuscita glorioso, vivendo para sempre na alegria e na luz eterna da P\u00e1scoa.&#8221;\u00a0<\/p>\n<p>N\u00e3o h\u00e1 explica\u00e7\u00e3o do por qu\u00ea coube a essas fam\u00edlias enfrentar tal prova\u00e7\u00e3o, prosseguiu o Papa. &#8220;O carinho e as palavras humanas de compaix\u00e3o que lhes dirijo hoje parecem muito limitadas e impotentes. Por outro lado, o Sucessor de Pedro, que vieram encontrar hoje, afirma com for\u00e7a e convic\u00e7\u00e3o: a esperan\u00e7a n\u00e3o \u00e9 v\u00e3, porque Cristo ressuscitou verdadeiramente!&#8221;<\/p>\n<p>O Pont\u00edfice consolou as fam\u00edlias recordando que nada poder\u00e1 separ\u00e1-las do amor de Cristo, assim como seus entes queridos que sofrem ou que faleceram. A f\u00e9 que habita em n\u00f3s, continuou, ilumina os momentos mais sombrios e dolorosos da nossa vida com uma luz insubstitu\u00edvel, que nos ajuda a continuar corajosamente o caminho rumo \u00e0 meta. Jesus nos precede neste caminho de morte e ressurrei\u00e7\u00e3o que exige paci\u00eancia e perseveran\u00e7a, lembrou o Santo Padre.<\/p>\n<blockquote>\n<p>\u201cTenham certeza de proximidade e ternura de Cristo: Ele n\u00e3o est\u00e1 longe do que voc\u00eas est\u00e3o vivendo, pelo contr\u00e1rio, Ele compartilha e carrega isso com voc\u00eas. Da mesma forma, toda a Igreja carrega isso com voc\u00eas. Tenham certeza de sua ora\u00e7\u00e3o \u2013 e da minha ora\u00e7\u00e3o pessoal \u2013 pelo descanso de seus falecidos, pelo al\u00edvio daqueles que voc\u00eas amam e que sofrem, e por voc\u00eas mesmos que os acompanham com sua ternura e seu amor.\u201d<\/p>\n<\/blockquote>\n<p>Hoje, concluiu o Papa, o cora\u00e7\u00e3o dessas fam\u00edlias est\u00e1 traspassado como o de Maria aos p\u00e9s da Cruz, e as confiou aos cuidados de Nossa Senhora das Dores: &#8220;Dirijam a Ela sem reservas as suas l\u00e1grimas e busquem nela o conforto materno que talvez s\u00f3 Maria saber\u00e1 dar\u00a0e certamente poder\u00e1 dar-lhes. Como ela, voc\u00eas saber\u00e3o esperar com paci\u00eancia, na noite do sofrimento, mas com a certeza da f\u00e9, que um novo dia amanhe\u00e7a; e reencontrar\u00e3o a alegria&#8221;.<\/p>\n<p>Ao final da audi\u00eancia, Le\u00e3o XIV convidou os presentes a rezarem uma Ave-Maria e concedeu a sua B\u00ean\u00e7\u00e3o Apost\u00f3lica. No inc\u00eandio durante a festa de Ano-Novo no bar &#8220;Le Constellation&#8221;, 40 pessoas morreram e 116 ficaram feridas.<\/p>\n","protected":false},"excerpt":{"rendered":"A como\u00e7\u00e3o marcou a audi\u00eancia de Le\u00e3o XIV \u00e0s fam\u00edlias dos mortos e feridos no inc\u00eandio no bar&hellip;\n","protected":false},"author":2,"featured_media":230625,"comment_status":"","ping_status":"","sticky":false,"template":"","format":"standard","meta":{"footnotes":""},"categories":[50],"tags":[27,28,5732,15,16,14,3176,25,26,21,22,62,12,13,19,20,811,23,24,5697,17,18,29,30,31,63,64,65],"class_list":{"0":"post-230624","1":"post","2":"type-post","3":"status-publish","4":"format-standard","5":"has-post-thumbnail","7":"category-mundo","8":"tag-breaking-news","9":"tag-breakingnews","10":"tag-fe","11":"tag-featured-news","12":"tag-featurednews","13":"tag-headlines","14":"tag-jovens","15":"tag-latest-news","16":"tag-latestnews","17":"tag-main-news","18":"tag-mainnews","19":"tag-mundo","20":"tag-news","21":"tag-noticias","22":"tag-noticias-principais","23":"tag-noticiasprincipais","24":"tag-papa-leao-xiv","25":"tag-principais-noticias","26":"tag-principaisnoticias","27":"tag-suica","28":"tag-top-stories","29":"tag-topstories","30":"tag-ultimas","31":"tag-ultimas-noticias","32":"tag-ultimasnoticias","33":"tag-world","34":"tag-world-news","35":"tag-worldnews"},"share_on_mastodon":{"url":"https:\/\/pubeurope.com\/@pt\/115901359960788447","error":""},"_links":{"self":[{"href":"https:\/\/www.europesays.com\/pt\/wp-json\/wp\/v2\/posts\/230624","targetHints":{"allow":["GET"]}}],"collection":[{"href":"https:\/\/www.europesays.com\/pt\/wp-json\/wp\/v2\/posts"}],"about":[{"href":"https:\/\/www.europesays.com\/pt\/wp-json\/wp\/v2\/types\/post"}],"author":[{"embeddable":true,"href":"https:\/\/www.europesays.com\/pt\/wp-json\/wp\/v2\/users\/2"}],"replies":[{"embeddable":true,"href":"https:\/\/www.europesays.com\/pt\/wp-json\/wp\/v2\/comments?post=230624"}],"version-history":[{"count":0,"href":"https:\/\/www.europesays.com\/pt\/wp-json\/wp\/v2\/posts\/230624\/revisions"}],"wp:featuredmedia":[{"embeddable":true,"href":"https:\/\/www.europesays.com\/pt\/wp-json\/wp\/v2\/media\/230625"}],"wp:attachment":[{"href":"https:\/\/www.europesays.com\/pt\/wp-json\/wp\/v2\/media?parent=230624"}],"wp:term":[{"taxonomy":"category","embeddable":true,"href":"https:\/\/www.europesays.com\/pt\/wp-json\/wp\/v2\/categories?post=230624"},{"taxonomy":"post_tag","embeddable":true,"href":"https:\/\/www.europesays.com\/pt\/wp-json\/wp\/v2\/tags?post=230624"}],"curies":[{"name":"wp","href":"https:\/\/api.w.org\/{rel}","templated":true}]}}