{"id":230626,"date":"2026-01-15T21:59:12","date_gmt":"2026-01-15T21:59:12","guid":{"rendered":"https:\/\/www.europesays.com\/pt\/230626\/"},"modified":"2026-01-15T21:59:12","modified_gmt":"2026-01-15T21:59:12","slug":"idoso-morre-apos-12-horas-no-hospital-se-nao-tivesse-reclamado-era-na-sala-de-espera-que-tinha-falecido","status":"publish","type":"post","link":"https:\/\/www.europesays.com\/pt\/230626\/","title":{"rendered":"Idoso morre ap\u00f3s 12 horas no hospital: &#8220;Se n\u00e3o tivesse reclamado, era na sala de espera que tinha falecido&#8221;"},"content":{"rendered":"<p data-remotead-prev-elm=\"true\" data-remotead-elm-id=\"inread\">Quando chegou \u00e0s urg\u00eancias, Celestino do Marco foi triado e classificado como n\u00e3o priorit\u00e1rio, sem que os profissionais de sa\u00fade tenham lido a carta do m\u00e9dico do centro de sa\u00fade, onde se deslocou primeiro. Uma das sobrinhas que o acompanhou acusa a enfermeira que fez a triagem de &#8220;neglig\u00eancia&#8221;. Linda Lino conta, ao JN, que o tio se come\u00e7ou a queixar de dores de barriga em casa, onde foi observado por um m\u00e9dico, que o encaminhou para o Centro de Sa\u00fade de Coruche, com a indica\u00e7\u00e3o de que tinha uma &#8220;obstipa\u00e7\u00e3o grande&#8221;. Na unidade de sa\u00fade, foi-lhe feito um raio-x \u00e0 barriga, que confirmou o diagn\u00f3stico, pelo que foi encaminhado para as urg\u00eancias do Hospital de Santar\u00e9m, j\u00e1 que n\u00e3o tinham meios para resolver o problema.<\/p>\n","protected":false},"excerpt":{"rendered":"Quando chegou \u00e0s urg\u00eancias, Celestino do Marco foi triado e classificado como n\u00e3o priorit\u00e1rio, sem que os profissionais&hellip;\n","protected":false},"author":2,"featured_media":230627,"comment_status":"","ping_status":"","sticky":false,"template":"","format":"standard","meta":{"footnotes":""},"categories":[10],"tags":[27,28,44212,15,16,14,44213,25,26,21,22,12,13,19,20,32,23,24,33,2649,17,18,31232,29,30,31],"class_list":{"0":"post-230626","1":"post","2":"type-post","3":"status-publish","4":"format-standard","5":"has-post-thumbnail","7":"category-portugal","8":"tag-breaking-news","9":"tag-breakingnews","10":"tag-concelho-santarem","11":"tag-featured-news","12":"tag-featurednews","13":"tag-headlines","14":"tag-hospital-de-santarem","15":"tag-latest-news","16":"tag-latestnews","17":"tag-main-news","18":"tag-mainnews","19":"tag-news","20":"tag-noticias","21":"tag-noticias-principais","22":"tag-noticiasprincipais","23":"tag-portugal","24":"tag-principais-noticias","25":"tag-principaisnoticias","26":"tag-pt","27":"tag-sns","28":"tag-top-stories","29":"tag-topstories","30":"tag-uls-leziria","31":"tag-ultimas","32":"tag-ultimas-noticias","33":"tag-ultimasnoticias"},"share_on_mastodon":{"url":"https:\/\/pubeurope.com\/@pt\/115901363951562141","error":""},"_links":{"self":[{"href":"https:\/\/www.europesays.com\/pt\/wp-json\/wp\/v2\/posts\/230626","targetHints":{"allow":["GET"]}}],"collection":[{"href":"https:\/\/www.europesays.com\/pt\/wp-json\/wp\/v2\/posts"}],"about":[{"href":"https:\/\/www.europesays.com\/pt\/wp-json\/wp\/v2\/types\/post"}],"author":[{"embeddable":true,"href":"https:\/\/www.europesays.com\/pt\/wp-json\/wp\/v2\/users\/2"}],"replies":[{"embeddable":true,"href":"https:\/\/www.europesays.com\/pt\/wp-json\/wp\/v2\/comments?post=230626"}],"version-history":[{"count":0,"href":"https:\/\/www.europesays.com\/pt\/wp-json\/wp\/v2\/posts\/230626\/revisions"}],"wp:featuredmedia":[{"embeddable":true,"href":"https:\/\/www.europesays.com\/pt\/wp-json\/wp\/v2\/media\/230627"}],"wp:attachment":[{"href":"https:\/\/www.europesays.com\/pt\/wp-json\/wp\/v2\/media?parent=230626"}],"wp:term":[{"taxonomy":"category","embeddable":true,"href":"https:\/\/www.europesays.com\/pt\/wp-json\/wp\/v2\/categories?post=230626"},{"taxonomy":"post_tag","embeddable":true,"href":"https:\/\/www.europesays.com\/pt\/wp-json\/wp\/v2\/tags?post=230626"}],"curies":[{"name":"wp","href":"https:\/\/api.w.org\/{rel}","templated":true}]}}