{"id":230630,"date":"2026-01-15T22:01:08","date_gmt":"2026-01-15T22:01:08","guid":{"rendered":"https:\/\/www.europesays.com\/pt\/230630\/"},"modified":"2026-01-15T22:01:08","modified_gmt":"2026-01-15T22:01:08","slug":"ana-paula-diz-que-quarto-e-cabare-e-faz-referencia","status":"publish","type":"post","link":"https:\/\/www.europesays.com\/pt\/230630\/","title":{"rendered":"Ana Paula diz que quarto \u00e9 cabar\u00e9 e faz refer\u00eancia"},"content":{"rendered":"<p class=\"bullet mt-0\" data-v-232111b4=\"\">Ana Paula Renault referenciou uma novela da Globo no BBB 26 (Globo), brincando que seu quarto era um cabar\u00e9.<\/p>\n<p>O que aconteceu<\/p>\n<p class=\"bullet\" data-v-232111b4=\"\"><strong>A jornalista se comparou \u00e0 cafetina Rosa Palmeir\u00e3o, interpretada por Luiza Tom\u00e9 na novela &#8220;Porto dos Milagres&#8221; (2001).<\/strong> &#8220;\u00c9 um cabar\u00e9, inclusive as pessoas que aqui habitam. Eu sou a dona do p*teiro, cara. Eu sou a Ana Paula Palmeir\u00e3o&#8221;, brincou.<\/p>\n","protected":false},"excerpt":{"rendered":"Ana Paula Renault referenciou uma novela da Globo no BBB 26 (Globo), brincando que seu quarto era um&hellip;\n","protected":false},"author":2,"featured_media":230631,"comment_status":"","ping_status":"","sticky":false,"template":"","format":"standard","meta":{"footnotes":""},"categories":[145],"tags":[211,210,114,115,32,33],"class_list":{"0":"post-230630","1":"post","2":"type-post","3":"status-publish","4":"format-standard","5":"has-post-thumbnail","7":"category-celebridades","8":"tag-celebridades","9":"tag-celebrities","10":"tag-entertainment","11":"tag-entretenimento","12":"tag-portugal","13":"tag-pt"},"share_on_mastodon":{"url":"https:\/\/pubeurope.com\/@pt\/115901371745434991","error":""},"_links":{"self":[{"href":"https:\/\/www.europesays.com\/pt\/wp-json\/wp\/v2\/posts\/230630","targetHints":{"allow":["GET"]}}],"collection":[{"href":"https:\/\/www.europesays.com\/pt\/wp-json\/wp\/v2\/posts"}],"about":[{"href":"https:\/\/www.europesays.com\/pt\/wp-json\/wp\/v2\/types\/post"}],"author":[{"embeddable":true,"href":"https:\/\/www.europesays.com\/pt\/wp-json\/wp\/v2\/users\/2"}],"replies":[{"embeddable":true,"href":"https:\/\/www.europesays.com\/pt\/wp-json\/wp\/v2\/comments?post=230630"}],"version-history":[{"count":0,"href":"https:\/\/www.europesays.com\/pt\/wp-json\/wp\/v2\/posts\/230630\/revisions"}],"wp:featuredmedia":[{"embeddable":true,"href":"https:\/\/www.europesays.com\/pt\/wp-json\/wp\/v2\/media\/230631"}],"wp:attachment":[{"href":"https:\/\/www.europesays.com\/pt\/wp-json\/wp\/v2\/media?parent=230630"}],"wp:term":[{"taxonomy":"category","embeddable":true,"href":"https:\/\/www.europesays.com\/pt\/wp-json\/wp\/v2\/categories?post=230630"},{"taxonomy":"post_tag","embeddable":true,"href":"https:\/\/www.europesays.com\/pt\/wp-json\/wp\/v2\/tags?post=230630"}],"curies":[{"name":"wp","href":"https:\/\/api.w.org\/{rel}","templated":true}]}}